{"id":72825,"date":"2026-09-04T17:20:14","date_gmt":"2026-09-04T23:20:14","guid":{"rendered":"https:\/\/quepocamadre.com\/?p=72825"},"modified":"2026-09-04T17:20:14","modified_gmt":"2026-09-04T23:20:14","slug":"alondra-desaparecio-el-pasado-2-de-agosto-un-canal-en-san-mateo-atenco-revelo-el-tragico-final-de-su-busqueda","status":"publish","type":"post","link":"https:\/\/quepocamadre.com\/?p=72825","title":{"rendered":"ALONDRA DESAPARECI\u00d3 EL PASADO 2 DE AGOSTO\u2026 UN CANAL EN SAN MATEO ATENCO REVEL\u00d3 EL TR\u00c1GICO FINAL DE SU B\u00daSQUEDA"},"content":{"rendered":"<p data-start=\"89\" data-end=\"389\">La b\u00fasqueda de Alondra \u201cN\u201d termin\u00f3 en tragedia. La mujer de 30 a\u00f1os, quien hab\u00eda sido reportada como desaparecida desde el pasado 2 de agosto en la zona de San Juan Tilapa, #Toluca, fue localizada sin vida semanas despu\u00e9s en un canal de aguas negras del Barrio de La Concepci\u00f3n, en #SanMateoAtenco.<\/p>\n<p data-start=\"391\" data-end=\"747\">De acuerdo con los reportes, el hallazgo ocurri\u00f3 el jueves 27 de agosto; sin embargo, fue hasta este viernes 4 de septiembre cuando se dio a conocer la noticia de su fallecimiento. Hasta el momento no se han informado las causas del deceso, mientras las autoridades mantienen una investigaci\u00f3n bajo un protocolo especializado para esclarecer lo ocurrido.<\/p>\n<p data-start=\"749\" data-end=\"920\">En redes sociales, familiares, amigos y usuarios expresaron mensajes de despedida para Alondra, lamentando su partida y exigiendo que se conozca la verdad sobre su caso.<\/p>\n","protected":false},"excerpt":{"rendered":"<p>La b\u00fasqueda de Alondra \u201cN\u201d termin\u00f3 en tragedia. La mujer de 30 a\u00f1os, quien hab\u00eda sido reportada como desaparecida desde el pasado 2 de agosto en la zona de San Juan Tilapa, #Toluca, fue localizada sin vida semanas despu\u00e9s en un canal de aguas negras del Barrio de La Concepci\u00f3n, en #SanMateoAtenco. De acuerdo con [&hellip;]<\/p>\n","protected":false},"author":12,"featured_media":72826,"comment_status":"closed","ping_status":"closed","sticky":false,"template":"","format":"standard","meta":{"footnotes":""},"categories":[102,109,103],"tags":[],"class_list":["post-72825","post","type-post","status-publish","format-standard","has-post-thumbnail","hentry","category-edomex","category-san-mateo-atenco","category-toluca"],"_links":{"self":[{"href":"https:\/\/quepocamadre.com\/index.php?rest_route=\/wp\/v2\/posts\/72825","targetHints":{"allow":["GET"]}}],"collection":[{"href":"https:\/\/quepocamadre.com\/index.php?rest_route=\/wp\/v2\/posts"}],"about":[{"href":"https:\/\/quepocamadre.com\/index.php?rest_route=\/wp\/v2\/types\/post"}],"author":[{"embeddable":true,"href":"https:\/\/quepocamadre.com\/index.php?rest_route=\/wp\/v2\/users\/12"}],"replies":[{"embeddable":true,"href":"https:\/\/quepocamadre.com\/index.php?rest_route=%2Fwp%2Fv2%2Fcomments&post=72825"}],"version-history":[{"count":1,"href":"https:\/\/quepocamadre.com\/index.php?rest_route=\/wp\/v2\/posts\/72825\/revisions"}],"predecessor-version":[{"id":72827,"href":"https:\/\/quepocamadre.com\/index.php?rest_route=\/wp\/v2\/posts\/72825\/revisions\/72827"}],"wp:featuredmedia":[{"embeddable":true,"href":"https:\/\/quepocamadre.com\/index.php?rest_route=\/wp\/v2\/media\/72826"}],"wp:attachment":[{"href":"https:\/\/quepocamadre.com\/index.php?rest_route=%2Fwp%2Fv2%2Fmedia&parent=72825"}],"wp:term":[{"taxonomy":"category","embeddable":true,"href":"https:\/\/quepocamadre.com\/index.php?rest_route=%2Fwp%2Fv2%2Fcategories&post=72825"},{"taxonomy":"post_tag","embeddable":true,"href":"https:\/\/quepocamadre.com\/index.php?rest_route=%2Fwp%2Fv2%2Ftags&post=72825"}],"curies":[{"name":"wp","href":"https:\/\/api.w.org\/{rel}","templated":true}]}}