{"id":72822,"date":"2026-09-04T13:32:58","date_gmt":"2026-09-04T19:32:58","guid":{"rendered":"https:\/\/quepocamadre.com\/?p=72822"},"modified":"2026-09-04T13:32:58","modified_gmt":"2026-09-04T19:32:58","slug":"entraron-a-robar-locales-pero-las-camaras-le-arruinaron-el-plan-caen-dos-presuntos-ladrones-originarios-de-san-mateo-atenco","status":"publish","type":"post","link":"https:\/\/quepocamadre.com\/?p=72822","title":{"rendered":"ENTRARON A ROBAR LOCALES, PERO LAS C\u00c1MARAS LE ARRUINARON EL PLAN : CAEN DOS PRESUNTOS LADRONES ORIGINARIOS DE SAN MATEO ATENCO"},"content":{"rendered":"<p data-start=\"87\" data-end=\"300\">Dos j\u00f3venes fueron detenidos luego de ser se\u00f1alados por su presunta participaci\u00f3n en robos cometidos durante la madrugada en varios locales ubicados sobre <strong data-start=\"242\" data-end=\"299\">avenida Las Torres, a la altura del puente de Sendero<\/strong>.<\/p>\n<p data-start=\"302\" data-end=\"633\">De acuerdo con los reportes, los presuntos responsables habr\u00edan ingresado a los establecimientos, entre ellos un antiguo local de servicio <strong data-start=\"441\" data-end=\"452\">Italika<\/strong>, para sustraer diversos objetos. Tras revisar c\u00e1maras de videovigilancia y con apoyo de vecinos, los afectados lograron identificar a los sospechosos y dar aviso a las autoridades.<\/p>\n<p data-start=\"635\" data-end=\"827\">Polic\u00edas municipales y estatales realizaron la detenci\u00f3n y recuperaron parte de la mercanc\u00eda robada; sin embargo, los afectados se\u00f1alaron que solo se logr\u00f3 recuperar una parte de lo sustra\u00eddo.<\/p>\n<p data-start=\"829\" data-end=\"1072\">Los detenidos, quienes ser\u00edan originarios de <strong data-start=\"874\" data-end=\"894\">San Mateo Atenco<\/strong>, quedaron a disposici\u00f3n de las autoridades mientras contin\u00faan las investigaciones para determinar si estar\u00edan relacionados con otros robos a comercios, transe\u00fantes y domicilios.<\/p>\n","protected":false},"excerpt":{"rendered":"<p>Dos j\u00f3venes fueron detenidos luego de ser se\u00f1alados por su presunta participaci\u00f3n en robos cometidos durante la madrugada en varios locales ubicados sobre avenida Las Torres, a la altura del puente de Sendero. De acuerdo con los reportes, los presuntos responsables habr\u00edan ingresado a los establecimientos, entre ellos un antiguo local de servicio Italika, para [&hellip;]<\/p>\n","protected":false},"author":12,"featured_media":72823,"comment_status":"closed","ping_status":"closed","sticky":false,"template":"","format":"standard","meta":{"footnotes":""},"categories":[102,109],"tags":[],"class_list":["post-72822","post","type-post","status-publish","format-standard","has-post-thumbnail","hentry","category-edomex","category-san-mateo-atenco"],"_links":{"self":[{"href":"https:\/\/quepocamadre.com\/index.php?rest_route=\/wp\/v2\/posts\/72822","targetHints":{"allow":["GET"]}}],"collection":[{"href":"https:\/\/quepocamadre.com\/index.php?rest_route=\/wp\/v2\/posts"}],"about":[{"href":"https:\/\/quepocamadre.com\/index.php?rest_route=\/wp\/v2\/types\/post"}],"author":[{"embeddable":true,"href":"https:\/\/quepocamadre.com\/index.php?rest_route=\/wp\/v2\/users\/12"}],"replies":[{"embeddable":true,"href":"https:\/\/quepocamadre.com\/index.php?rest_route=%2Fwp%2Fv2%2Fcomments&post=72822"}],"version-history":[{"count":1,"href":"https:\/\/quepocamadre.com\/index.php?rest_route=\/wp\/v2\/posts\/72822\/revisions"}],"predecessor-version":[{"id":72824,"href":"https:\/\/quepocamadre.com\/index.php?rest_route=\/wp\/v2\/posts\/72822\/revisions\/72824"}],"wp:featuredmedia":[{"embeddable":true,"href":"https:\/\/quepocamadre.com\/index.php?rest_route=\/wp\/v2\/media\/72823"}],"wp:attachment":[{"href":"https:\/\/quepocamadre.com\/index.php?rest_route=%2Fwp%2Fv2%2Fmedia&parent=72822"}],"wp:term":[{"taxonomy":"category","embeddable":true,"href":"https:\/\/quepocamadre.com\/index.php?rest_route=%2Fwp%2Fv2%2Fcategories&post=72822"},{"taxonomy":"post_tag","embeddable":true,"href":"https:\/\/quepocamadre.com\/index.php?rest_route=%2Fwp%2Fv2%2Ftags&post=72822"}],"curies":[{"name":"wp","href":"https:\/\/api.w.org\/{rel}","templated":true}]}}