{"id":72813,"date":"2026-09-04T07:23:50","date_gmt":"2026-09-04T13:23:50","guid":{"rendered":"https:\/\/quepocamadre.com\/?p=72813"},"modified":"2026-09-04T07:23:50","modified_gmt":"2026-09-04T13:23:50","slug":"garcia-harfuch-reconoce-el-gran-trabajo-de-la-fiscalia-del-edomex","status":"publish","type":"post","link":"https:\/\/quepocamadre.com\/?p=72813","title":{"rendered":"GARC\u00cdA HARFUCH RECONOCE EL GRAN TRABAJO DE LA FISCAL\u00cdA DEL EDOM\u00c9X"},"content":{"rendered":"<blockquote><p><strong>TRAS LA PRONTA RESPUESTA PARA APREHENDER A LOS PRESUNTOS INVOLUCRADOS EN LA MASACRE DEL TECLADISTA Y SU FAMILIA<\/strong><\/p>\n<p><strong>Destac\u00f3 la r\u00e1pida coordinaci\u00f3n entre autoridades mexiquenses, federales y capitalinas para detener a dos hombres se\u00f1alados por el multihomicidio ocurrido en Zona Esmeralda.<\/strong><\/p><\/blockquote>\n<p>La Fiscal\u00eda mexiquense encabez\u00f3 las investigaciones que permitieron ubicar y detener a dos hombres se\u00f1alados como probables responsables del multihomicidio en Zona Esmeralda; Omar Garc\u00eda Harfuch reconoci\u00f3 la r\u00e1pida coordinaci\u00f3n de las autoridades.<\/p>\n<p>La respuesta fue inmediata. A menos de 12 horas del brutal multihomicidio que sacudi\u00f3 a Zona Esmeralda, en Atizap\u00e1n de Zaragoza, la Fiscal\u00eda General de Justicia del Estado de M\u00e9xico (FGJEM) logr\u00f3 ubicar a dos hombres se\u00f1alados como probables responsables, en un operativo coordinado con la Secretar\u00eda de Seguridad y Protecci\u00f3n Ciudadana (SSPC) y la polic\u00eda de la Ciudad de M\u00e9xico.<\/p>\n<p>El resultado fue reconocido por EL secretario de Seguridad y Protecci\u00f3n Ciudadana, Omar Garc\u00eda Harfuch, quien destac\u00f3 la labor de las autoridades mexiquenses y la coordinaci\u00f3n entre los tres niveles de gobierno para esclarecer uno de los cr\u00edmenes que m\u00e1s han conmocionado a la zona.<\/p>\n<p>El secretario reconoci\u00f3 p\u00fablicamente el trabajo realizado por la Fiscal\u00eda mexiquense y la coordinaci\u00f3n entre las instituciones para esclarecer el crimen.<\/p>\n<p>\u201cLa coordinaci\u00f3n entre autoridades del Estado de M\u00e9xico, la Ciudad de M\u00e9xico y el Gobierno federal permiti\u00f3 ubicar y detener a ambos sujetos en menos de 12 horas\u201d, destac\u00f3 Harfuch.<\/p>\n<p>Entre las v\u00edctimas se encuentra Jonathan Samuel Mel\u00e9ndez, tecladista de Camilo S\u00e9ptimo, su esposa Ana Paola, embarazada de cuatro meses, su hija Sof\u00eda, de tres a\u00f1os, y una joven trabajadora del hogar. Un ni\u00f1o de seis a\u00f1os que se encontraba en el inmueble sobrevivi\u00f3 y qued\u00f3 bajo protecci\u00f3n de las autoridades.<\/p>\n<p>La investigaci\u00f3n de la FGJEM comenz\u00f3 a tomar forma luego de que se estableciera que, horas antes del ataque, Jonathan hab\u00eda comunicado a un amigo cercano que recibir\u00eda en su domicilio a uno de sus socios de negocios, debido a fuertes diferencias econ\u00f3micas. Incluso le pidi\u00f3 que alertara a las autoridades si dejaba de responder sus mensajes.<\/p>\n<p>Las c\u00e1maras de videovigilancia del exclusivo fraccionamiento Grand Viure se convirtieron en una pieza importante de la investigaci\u00f3n. En ellas habr\u00eda quedado registrado Diego Sebasti\u00e1n \u201cN\u201d, socio del m\u00fasico, ingresando al inmueble con gorra, lentes oscuros y una mochila.<\/p>\n<p><a href=\"https:\/\/quepocamadre.com\/wp-content\/uploads\/2026\/09\/PORTADA-2-2.jpg\"><img fetchpriority=\"high\" decoding=\"async\" class=\"aligncenter size-full wp-image-72817\" src=\"https:\/\/quepocamadre.com\/wp-content\/uploads\/2026\/09\/PORTADA-2-2.jpg\" alt=\"\" width=\"1200\" height=\"801\" srcset=\"https:\/\/quepocamadre.com\/wp-content\/uploads\/2026\/09\/PORTADA-2-2.jpg 1200w, https:\/\/quepocamadre.com\/wp-content\/uploads\/2026\/09\/PORTADA-2-2-300x200.jpg 300w, https:\/\/quepocamadre.com\/wp-content\/uploads\/2026\/09\/PORTADA-2-2-1024x684.jpg 1024w, https:\/\/quepocamadre.com\/wp-content\/uploads\/2026\/09\/PORTADA-2-2-768x513.jpg 768w\" sizes=\"(max-width: 1200px) 100vw, 1200px\" \/><\/a><\/p>\n<p>De acuerdo con las primeras indagatorias, el sospechoso habr\u00eda aprovechado la relaci\u00f3n de confianza con las v\u00edctimas para ingresar al complejo sin levantar sospechas. Posteriormente, las autoridades identificaron tambi\u00e9n a Gerardo \u201cN\u201d, se\u00f1alado por su probable participaci\u00f3n en los hechos.<\/p>\n<p>Una de las principales l\u00edneas de investigaci\u00f3n apunta a un posible conflicto econ\u00f3mico entre los socios, quienes presuntamente manten\u00edan negocios relacionados con la renta de propiedades vacacionales. La FGJEM contin\u00faa con las indagatorias para establecer con precisi\u00f3n el m\u00f3vil y la participaci\u00f3n que habr\u00eda tenido cada detenido.<\/p>\n<p>De acuerdo con las primeras investigaciones de la Fiscal\u00eda del Edom\u00e9x, horas previas al crimen, &#8220;Honas&#8221; Mel\u00e9ndez se comunic\u00f3 con un amigo cercano. Le advirti\u00f3 que se reunir\u00e1 en su hogar con uno de sus socios de negocios, debido a fuertes diferencias financieras.<\/p>\n<p>El m\u00fasico le pidi\u00f3 a esta persona de su confianza, de la que no se conoce la identidad, que alerte a las autoridades si ya no respond\u00eda a sus mensajes despu\u00e9s del encuentro.<\/p>\n<p>Los agresores aprovecharon la relaci\u00f3n de confianza para que se les permitiera entrar sin levantar sospechas. Durante el encuentro: Los delincuentes sometieron violentamente a los integrantes de la vivienda.<\/p>\n<p>Las v\u00edctimas fueron atadas de manos, despu\u00e9s los atacantes abrieron fuego, disparando en la cabeza y espalda de las v\u00edctimas maniatadas.<\/p>\n<p>En medio de esta historia, en una de las rec\u00e1maras fue hallado el \u00fanico sobreviviente de la masacre de Zona Esmeralda: un ni\u00f1o de 6 a\u00f1os, quien result\u00f3 ileso al ataque y quien podr\u00eda ser un testigo clave en esta historia.<\/p>\n<p>La investigaci\u00f3n avanz\u00f3 mediante labores de inteligencia, an\u00e1lisis de informaci\u00f3n y seguimiento de c\u00e1maras de seguridad.<\/p>\n<p>Diego Sebasti\u00e1n \u201cN\u201d y Gerardo \u201cN\u201d quedaron a disposici\u00f3n del Ministerio P\u00fablico, donde se determinar\u00e1 su situaci\u00f3n jur\u00eddica. La Fiscal\u00eda mexiquense mantiene abierta la investigaci\u00f3n para esclarecer por completo el multihomicidio y fincar las responsabilidades que correspondan.<\/p>\n<p>Diego Sebasti\u00e1n &#8216;N&#8217; es argentino, pero tambi\u00e9n cuenta con la nacionalidad mexicana debido al largo tiempo que lleva en el pa\u00eds como residente. Tiene 51 a\u00f1os de edad y desde que ten\u00eda 15 lleg\u00f3 a vivir a M\u00e9xico.<\/p>\n","protected":false},"excerpt":{"rendered":"<p>TRAS LA PRONTA RESPUESTA PARA APREHENDER A LOS PRESUNTOS INVOLUCRADOS EN LA MASACRE DEL TECLADISTA Y SU FAMILIA Destac\u00f3 la r\u00e1pida coordinaci\u00f3n entre autoridades mexiquenses, federales y capitalinas para detener a dos hombres se\u00f1alados por el multihomicidio ocurrido en Zona Esmeralda. La Fiscal\u00eda mexiquense encabez\u00f3 las investigaciones que permitieron ubicar y detener a dos hombres [&hellip;]<\/p>\n","protected":false},"author":1,"featured_media":72816,"comment_status":"closed","ping_status":"closed","sticky":false,"template":"","format":"standard","meta":{"footnotes":""},"categories":[102,124,274],"tags":[],"class_list":["post-72813","post","type-post","status-publish","format-standard","has-post-thumbnail","hentry","category-edomex","category-nacional","category-portada"],"_links":{"self":[{"href":"https:\/\/quepocamadre.com\/index.php?rest_route=\/wp\/v2\/posts\/72813","targetHints":{"allow":["GET"]}}],"collection":[{"href":"https:\/\/quepocamadre.com\/index.php?rest_route=\/wp\/v2\/posts"}],"about":[{"href":"https:\/\/quepocamadre.com\/index.php?rest_route=\/wp\/v2\/types\/post"}],"author":[{"embeddable":true,"href":"https:\/\/quepocamadre.com\/index.php?rest_route=\/wp\/v2\/users\/1"}],"replies":[{"embeddable":true,"href":"https:\/\/quepocamadre.com\/index.php?rest_route=%2Fwp%2Fv2%2Fcomments&post=72813"}],"version-history":[{"count":1,"href":"https:\/\/quepocamadre.com\/index.php?rest_route=\/wp\/v2\/posts\/72813\/revisions"}],"predecessor-version":[{"id":72818,"href":"https:\/\/quepocamadre.com\/index.php?rest_route=\/wp\/v2\/posts\/72813\/revisions\/72818"}],"wp:featuredmedia":[{"embeddable":true,"href":"https:\/\/quepocamadre.com\/index.php?rest_route=\/wp\/v2\/media\/72816"}],"wp:attachment":[{"href":"https:\/\/quepocamadre.com\/index.php?rest_route=%2Fwp%2Fv2%2Fmedia&parent=72813"}],"wp:term":[{"taxonomy":"category","embeddable":true,"href":"https:\/\/quepocamadre.com\/index.php?rest_route=%2Fwp%2Fv2%2Fcategories&post=72813"},{"taxonomy":"post_tag","embeddable":true,"href":"https:\/\/quepocamadre.com\/index.php?rest_route=%2Fwp%2Fv2%2Ftags&post=72813"}],"curies":[{"name":"wp","href":"https:\/\/api.w.org\/{rel}","templated":true}]}}