{"id":72807,"date":"2026-09-04T07:22:08","date_gmt":"2026-09-04T13:22:08","guid":{"rendered":"https:\/\/quepocamadre.com\/?p=72807"},"modified":"2026-09-04T07:22:08","modified_gmt":"2026-09-04T13:22:08","slug":"papa-leon-xiv-visitara-argentina-en-noviembre-sera-el-primer-viaje-papal-en-casi-40-anos","status":"publish","type":"post","link":"https:\/\/quepocamadre.com\/?p=72807","title":{"rendered":"Papa Le\u00f3n XIV visitar\u00e1 Argentina en noviembre; ser\u00e1 el primer viaje papal en casi 40 a\u00f1os"},"content":{"rendered":"<p>El papa Le\u00f3n XIV realizar\u00e1 una visita apost\u00f3lica a Argentina del 8 al 11 de noviembre de 2026, en lo que representar\u00e1 el regreso de un pont\u00edfice al pa\u00eds sudamericano despu\u00e9s de casi cuatro d\u00e9cadas.<\/p>\n<p>El itinerario preliminar contempla actividades en Buenos Aires, C\u00f3rdoba y Bas\u00edlica de Nuestra Se\u00f1ora de Luj\u00e1n, adem\u00e1s de un encuentro con el presidente argentino Javier Milei.<\/p>\n<p>Durante su estancia, el Pont\u00edfice tambi\u00e9n tendr\u00eda reuniones con representantes sindicales y movimientos sociales, en una agenda enfocada en el di\u00e1logo con distintos sectores de la sociedad argentina.<\/p>\n<p>Entre los actos religiosos previstos se encuentran misas multitudinarias en Palermo, la Bas\u00edlica de Luj\u00e1n y el predio de la F\u00e1brica Argentina de Aviones (FAdeA), donde se espera la participaci\u00f3n de miles de fieles.<\/p>\n<p>La visita tendr\u00e1 un significado especial para Argentina, pa\u00eds natal del papa Francisco, y marcar\u00e1 un nuevo cap\u00edtulo en la relaci\u00f3n entre la Iglesia cat\u00f3lica y la sociedad argentina.<\/p>\n","protected":false},"excerpt":{"rendered":"<p>El papa Le\u00f3n XIV realizar\u00e1 una visita apost\u00f3lica a Argentina del 8 al 11 de noviembre de 2026, en lo que representar\u00e1 el regreso de un pont\u00edfice al pa\u00eds sudamericano despu\u00e9s de casi cuatro d\u00e9cadas. El itinerario preliminar contempla actividades en Buenos Aires, C\u00f3rdoba y Bas\u00edlica de Nuestra Se\u00f1ora de Luj\u00e1n, adem\u00e1s de un encuentro [&hellip;]<\/p>\n","protected":false},"author":1,"featured_media":72811,"comment_status":"closed","ping_status":"closed","sticky":false,"template":"","format":"standard","meta":{"footnotes":""},"categories":[200],"tags":[],"class_list":["post-72807","post","type-post","status-publish","format-standard","has-post-thumbnail","hentry","category-internacional"],"_links":{"self":[{"href":"https:\/\/quepocamadre.com\/index.php?rest_route=\/wp\/v2\/posts\/72807","targetHints":{"allow":["GET"]}}],"collection":[{"href":"https:\/\/quepocamadre.com\/index.php?rest_route=\/wp\/v2\/posts"}],"about":[{"href":"https:\/\/quepocamadre.com\/index.php?rest_route=\/wp\/v2\/types\/post"}],"author":[{"embeddable":true,"href":"https:\/\/quepocamadre.com\/index.php?rest_route=\/wp\/v2\/users\/1"}],"replies":[{"embeddable":true,"href":"https:\/\/quepocamadre.com\/index.php?rest_route=%2Fwp%2Fv2%2Fcomments&post=72807"}],"version-history":[{"count":1,"href":"https:\/\/quepocamadre.com\/index.php?rest_route=\/wp\/v2\/posts\/72807\/revisions"}],"predecessor-version":[{"id":72812,"href":"https:\/\/quepocamadre.com\/index.php?rest_route=\/wp\/v2\/posts\/72807\/revisions\/72812"}],"wp:featuredmedia":[{"embeddable":true,"href":"https:\/\/quepocamadre.com\/index.php?rest_route=\/wp\/v2\/media\/72811"}],"wp:attachment":[{"href":"https:\/\/quepocamadre.com\/index.php?rest_route=%2Fwp%2Fv2%2Fmedia&parent=72807"}],"wp:term":[{"taxonomy":"category","embeddable":true,"href":"https:\/\/quepocamadre.com\/index.php?rest_route=%2Fwp%2Fv2%2Fcategories&post=72807"},{"taxonomy":"post_tag","embeddable":true,"href":"https:\/\/quepocamadre.com\/index.php?rest_route=%2Fwp%2Fv2%2Ftags&post=72807"}],"curies":[{"name":"wp","href":"https:\/\/api.w.org\/{rel}","templated":true}]}}