{"id":72804,"date":"2026-09-04T07:21:41","date_gmt":"2026-09-04T13:21:41","guid":{"rendered":"https:\/\/quepocamadre.com\/?p=72804"},"modified":"2026-09-04T07:21:41","modified_gmt":"2026-09-04T13:21:41","slug":"sep-prepara-restriccion-de-celulares-en-primarias-y-secundarias-de-todo-mexico","status":"publish","type":"post","link":"https:\/\/quepocamadre.com\/?p=72804","title":{"rendered":"SEP prepara restricci\u00f3n de celulares en primarias y secundarias de todo M\u00e9xico"},"content":{"rendered":"<p>La Secretar\u00eda de Educaci\u00f3n P\u00fablica analiza una nueva medida para restringir el uso de tel\u00e9fonos celulares en escuelas primarias y secundarias del pa\u00eds, con el objetivo de reducir distracciones y limitar el uso excesivo de pantallas entre estudiantes.<\/p>\n<p>El titular de la dependencia, Mario Delgado, inform\u00f3 que la propuesta se encuentra en la etapa final de revisi\u00f3n y que cuenta con respaldo de gran parte del magisterio.<\/p>\n<p>De acuerdo con la SEP, el uso prolongado de dispositivos m\u00f3viles durante la jornada escolar puede afectar la concentraci\u00f3n, la comprensi\u00f3n lectora, los h\u00e1bitos de descanso y el bienestar emocional de ni\u00f1as, ni\u00f1os y adolescentes.<\/p>\n<p>Aunque todav\u00eda no existe una fecha definida para la implementaci\u00f3n de la medida, la dependencia se\u00f1al\u00f3 que, una vez establecido el esquema, se dar\u00e1 a conocer a directivos, docentes, estudiantes y madres y padres de familia.<\/p>\n<p>La propuesta abre nuevamente el debate sobre el equilibrio entre el uso de la tecnolog\u00eda como herramienta educativa y la necesidad de establecer l\u00edmites para proteger el aprendizaje dentro de las aulas.<\/p>\n","protected":false},"excerpt":{"rendered":"<p>La Secretar\u00eda de Educaci\u00f3n P\u00fablica analiza una nueva medida para restringir el uso de tel\u00e9fonos celulares en escuelas primarias y secundarias del pa\u00eds, con el objetivo de reducir distracciones y limitar el uso excesivo de pantallas entre estudiantes. El titular de la dependencia, Mario Delgado, inform\u00f3 que la propuesta se encuentra en la etapa final [&hellip;]<\/p>\n","protected":false},"author":1,"featured_media":72808,"comment_status":"closed","ping_status":"closed","sticky":false,"template":"","format":"standard","meta":{"footnotes":""},"categories":[124],"tags":[],"class_list":["post-72804","post","type-post","status-publish","format-standard","has-post-thumbnail","hentry","category-nacional"],"_links":{"self":[{"href":"https:\/\/quepocamadre.com\/index.php?rest_route=\/wp\/v2\/posts\/72804","targetHints":{"allow":["GET"]}}],"collection":[{"href":"https:\/\/quepocamadre.com\/index.php?rest_route=\/wp\/v2\/posts"}],"about":[{"href":"https:\/\/quepocamadre.com\/index.php?rest_route=\/wp\/v2\/types\/post"}],"author":[{"embeddable":true,"href":"https:\/\/quepocamadre.com\/index.php?rest_route=\/wp\/v2\/users\/1"}],"replies":[{"embeddable":true,"href":"https:\/\/quepocamadre.com\/index.php?rest_route=%2Fwp%2Fv2%2Fcomments&post=72804"}],"version-history":[{"count":1,"href":"https:\/\/quepocamadre.com\/index.php?rest_route=\/wp\/v2\/posts\/72804\/revisions"}],"predecessor-version":[{"id":72809,"href":"https:\/\/quepocamadre.com\/index.php?rest_route=\/wp\/v2\/posts\/72804\/revisions\/72809"}],"wp:featuredmedia":[{"embeddable":true,"href":"https:\/\/quepocamadre.com\/index.php?rest_route=\/wp\/v2\/media\/72808"}],"wp:attachment":[{"href":"https:\/\/quepocamadre.com\/index.php?rest_route=%2Fwp%2Fv2%2Fmedia&parent=72804"}],"wp:term":[{"taxonomy":"category","embeddable":true,"href":"https:\/\/quepocamadre.com\/index.php?rest_route=%2Fwp%2Fv2%2Fcategories&post=72804"},{"taxonomy":"post_tag","embeddable":true,"href":"https:\/\/quepocamadre.com\/index.php?rest_route=%2Fwp%2Fv2%2Ftags&post=72804"}],"curies":[{"name":"wp","href":"https:\/\/api.w.org\/{rel}","templated":true}]}}