{"id":72795,"date":"2026-09-04T07:20:02","date_gmt":"2026-09-04T13:20:02","guid":{"rendered":"https:\/\/quepocamadre.com\/?p=72795"},"modified":"2026-09-04T07:20:02","modified_gmt":"2026-09-04T13:20:02","slug":"el-jefe-se-escondia-entre-lujos-capturan-a-presunto-lider-delictivo-en-puebla","status":"publish","type":"post","link":"https:\/\/quepocamadre.com\/?p=72795","title":{"rendered":"\u00a1El \u201cJefe\u201d se escond\u00eda entre lujos! Capturan a presunto l\u00edder delictivo en Puebla"},"content":{"rendered":"<p>Un operativo coordinado en Lomas de Angel\u00f3polis, Puebla, termin\u00f3 con la captura de tres hombres, entre ellos un supuesto l\u00edder de una c\u00e9lula delictiva considerada objetivo prioritario por las autoridades.<\/p>\n<p>El grupo estar\u00eda relacionado con delitos contra la salud, secuestro y extorsi\u00f3n, adem\u00e1s de tener presencia en Acapulco, Guerrero.<\/p>\n<p>La investigaci\u00f3n y labores de inteligencia permitieron ubicar un inmueble presuntamente utilizado por integrantes de la c\u00e9lula.<\/p>\n<p>Durante el operativo participaron elementos de la FGR, Marina y SSPC, con informaci\u00f3n del Centro Nacional de Inteligencia y en coordinaci\u00f3n con autoridades de Puebla y Guerrero.<\/p>\n<p>En el inmueble fueron detenidos tres hombres. Uno de ellos, identificado como el presunto l\u00edder, contaba con una orden de aprehensi\u00f3n por homicidio calificado.<\/p>\n<p>Adem\u00e1s, las autoridades aseguraron armas, drogas y veh\u00edculos de alta gama, objetos que quedaron a disposici\u00f3n del Ministerio P\u00fablico junto con los detenidos.<\/p>\n","protected":false},"excerpt":{"rendered":"<p>Un operativo coordinado en Lomas de Angel\u00f3polis, Puebla, termin\u00f3 con la captura de tres hombres, entre ellos un supuesto l\u00edder de una c\u00e9lula delictiva considerada objetivo prioritario por las autoridades. El grupo estar\u00eda relacionado con delitos contra la salud, secuestro y extorsi\u00f3n, adem\u00e1s de tener presencia en Acapulco, Guerrero. La investigaci\u00f3n y labores de inteligencia [&hellip;]<\/p>\n","protected":false},"author":1,"featured_media":72799,"comment_status":"closed","ping_status":"closed","sticky":false,"template":"","format":"standard","meta":{"footnotes":""},"categories":[124,132],"tags":[],"class_list":["post-72795","post","type-post","status-publish","format-standard","has-post-thumbnail","hentry","category-nacional","category-puebla"],"_links":{"self":[{"href":"https:\/\/quepocamadre.com\/index.php?rest_route=\/wp\/v2\/posts\/72795","targetHints":{"allow":["GET"]}}],"collection":[{"href":"https:\/\/quepocamadre.com\/index.php?rest_route=\/wp\/v2\/posts"}],"about":[{"href":"https:\/\/quepocamadre.com\/index.php?rest_route=\/wp\/v2\/types\/post"}],"author":[{"embeddable":true,"href":"https:\/\/quepocamadre.com\/index.php?rest_route=\/wp\/v2\/users\/1"}],"replies":[{"embeddable":true,"href":"https:\/\/quepocamadre.com\/index.php?rest_route=%2Fwp%2Fv2%2Fcomments&post=72795"}],"version-history":[{"count":1,"href":"https:\/\/quepocamadre.com\/index.php?rest_route=\/wp\/v2\/posts\/72795\/revisions"}],"predecessor-version":[{"id":72800,"href":"https:\/\/quepocamadre.com\/index.php?rest_route=\/wp\/v2\/posts\/72795\/revisions\/72800"}],"wp:featuredmedia":[{"embeddable":true,"href":"https:\/\/quepocamadre.com\/index.php?rest_route=\/wp\/v2\/media\/72799"}],"wp:attachment":[{"href":"https:\/\/quepocamadre.com\/index.php?rest_route=%2Fwp%2Fv2%2Fmedia&parent=72795"}],"wp:term":[{"taxonomy":"category","embeddable":true,"href":"https:\/\/quepocamadre.com\/index.php?rest_route=%2Fwp%2Fv2%2Fcategories&post=72795"},{"taxonomy":"post_tag","embeddable":true,"href":"https:\/\/quepocamadre.com\/index.php?rest_route=%2Fwp%2Fv2%2Ftags&post=72795"}],"curies":[{"name":"wp","href":"https:\/\/api.w.org\/{rel}","templated":true}]}}