{"id":72792,"date":"2026-09-04T07:19:32","date_gmt":"2026-09-04T13:19:32","guid":{"rendered":"https:\/\/quepocamadre.com\/?p=72792"},"modified":"2026-09-04T07:19:32","modified_gmt":"2026-09-04T13:19:32","slug":"paga-o-no-trabajas-sujeto-es-acusado-de-extorsionar-a-empresa-de-transporte-en-hueypoxtla","status":"publish","type":"post","link":"https:\/\/quepocamadre.com\/?p=72792","title":{"rendered":"\u201c\u00a1Paga o no trabajas!\u201d; Sujeto es acusado de extorsionar a empresa de transporte en Hueypoxtla"},"content":{"rendered":"<p>Jos\u00e9 Leonardo \u201cN\u201d fue vinculado a proceso por su probable participaci\u00f3n en el delito de extorsi\u00f3n contra una empresa de transporte privado en el municipio de Hueypoxtla, Estado de M\u00e9xico.<\/p>\n<p>De acuerdo con la investigaci\u00f3n de la Fiscal\u00eda General de Justicia del Estado de M\u00e9xico, en mayo de 2014 trabajadores de la empresa habr\u00edan sido abordados por varios sujetos que presuntamente se identificaron como integrantes de un grupo criminal.<\/p>\n<p>Los individuos les habr\u00edan exigido cantidades de dinero a cambio de no causarles da\u00f1o y permitirles continuar con sus actividades, por lo que, ante el temor de sufrir represalias, la empresa habr\u00eda realizado diversos pagos.<\/p>\n<p>Tras las investigaciones, la Fiscal\u00eda logr\u00f3 identificar a los probables responsables y obtuvo una orden de aprehensi\u00f3n contra Jos\u00e9 Leonardo \u201cN\u201d.<\/p>\n<p>El detenido fue capturado por agentes de la Fiscal\u00eda mexiquense e ingresado a un Centro Penitenciario y de Reinserci\u00f3n Social, donde qued\u00f3 a disposici\u00f3n de la autoridad judicial.<\/p>\n<p>Con los elementos presentados por el Ministerio P\u00fablico, un juez determin\u00f3 vincularlo a proceso, fij\u00f3 un plazo de dos meses para el cierre de la investigaci\u00f3n complementaria y mantuvo la prisi\u00f3n preventiva oficiosa como medida cautelar.<\/p>\n","protected":false},"excerpt":{"rendered":"<p>Jos\u00e9 Leonardo \u201cN\u201d fue vinculado a proceso por su probable participaci\u00f3n en el delito de extorsi\u00f3n contra una empresa de transporte privado en el municipio de Hueypoxtla, Estado de M\u00e9xico. De acuerdo con la investigaci\u00f3n de la Fiscal\u00eda General de Justicia del Estado de M\u00e9xico, en mayo de 2014 trabajadores de la empresa habr\u00edan sido [&hellip;]<\/p>\n","protected":false},"author":1,"featured_media":72796,"comment_status":"closed","ping_status":"closed","sticky":false,"template":"","format":"standard","meta":{"footnotes":""},"categories":[102,333],"tags":[],"class_list":["post-72792","post","type-post","status-publish","format-standard","has-post-thumbnail","hentry","category-edomex","category-hueypoxtla"],"_links":{"self":[{"href":"https:\/\/quepocamadre.com\/index.php?rest_route=\/wp\/v2\/posts\/72792","targetHints":{"allow":["GET"]}}],"collection":[{"href":"https:\/\/quepocamadre.com\/index.php?rest_route=\/wp\/v2\/posts"}],"about":[{"href":"https:\/\/quepocamadre.com\/index.php?rest_route=\/wp\/v2\/types\/post"}],"author":[{"embeddable":true,"href":"https:\/\/quepocamadre.com\/index.php?rest_route=\/wp\/v2\/users\/1"}],"replies":[{"embeddable":true,"href":"https:\/\/quepocamadre.com\/index.php?rest_route=%2Fwp%2Fv2%2Fcomments&post=72792"}],"version-history":[{"count":1,"href":"https:\/\/quepocamadre.com\/index.php?rest_route=\/wp\/v2\/posts\/72792\/revisions"}],"predecessor-version":[{"id":72797,"href":"https:\/\/quepocamadre.com\/index.php?rest_route=\/wp\/v2\/posts\/72792\/revisions\/72797"}],"wp:featuredmedia":[{"embeddable":true,"href":"https:\/\/quepocamadre.com\/index.php?rest_route=\/wp\/v2\/media\/72796"}],"wp:attachment":[{"href":"https:\/\/quepocamadre.com\/index.php?rest_route=%2Fwp%2Fv2%2Fmedia&parent=72792"}],"wp:term":[{"taxonomy":"category","embeddable":true,"href":"https:\/\/quepocamadre.com\/index.php?rest_route=%2Fwp%2Fv2%2Fcategories&post=72792"},{"taxonomy":"post_tag","embeddable":true,"href":"https:\/\/quepocamadre.com\/index.php?rest_route=%2Fwp%2Fv2%2Ftags&post=72792"}],"curies":[{"name":"wp","href":"https:\/\/api.w.org\/{rel}","templated":true}]}}