{"id":72789,"date":"2026-09-04T07:18:20","date_gmt":"2026-09-04T13:18:20","guid":{"rendered":"https:\/\/quepocamadre.com\/?p=72789"},"modified":"2026-09-04T07:18:20","modified_gmt":"2026-09-04T13:18:20","slug":"salieron-volando-cuatro-estudiantes-heridos-tras-brutal-choque-en-saltillo","status":"publish","type":"post","link":"https:\/\/quepocamadre.com\/?p=72789","title":{"rendered":"\u00a1SALIERON VOLANDO! CUATRO ESTUDIANTES HERIDOS TRAS BRUTAL CHOQUE EN SALTILLO"},"content":{"rendered":"<p>La noche termin\u00f3 en tragedia para cuatro estudiantes de la Universidad Aut\u00f3noma Agraria Antonio Narro, quienes resultaron lesionados tras sufrir un aparatoso accidente al sur de Saltillo.<\/p>\n<p>Los j\u00f3venes viajaban en un Nissan Sentra cuando, al tomar una curva cerca del ejido La Esperanza, el conductor perdi\u00f3 el control. El autom\u00f3vil subi\u00f3 al camell\u00f3n, se estrell\u00f3 contra una luminaria y termin\u00f3 en el sentido contrario de circulaci\u00f3n.<\/p>\n<p>El fuerte impacto moviliz\u00f3 a param\u00e9dicos y polic\u00edas. Dos de los j\u00f3venes fueron llevados a un hospital por sus familiares, mientras que el conductor, Emilio, de 23 a\u00f1os, fue atendido en el lugar y posteriormente trasladado al Hospital General.<\/p>\n<p>Dentro del veh\u00edculo fueron encontradas latas de bebidas alcoh\u00f3licas, por lo que una de las l\u00edneas de investigaci\u00f3n apunta a que el conductor podr\u00eda haber manejado bajo los efectos del alcohol.<\/p>\n","protected":false},"excerpt":{"rendered":"<p>La noche termin\u00f3 en tragedia para cuatro estudiantes de la Universidad Aut\u00f3noma Agraria Antonio Narro, quienes resultaron lesionados tras sufrir un aparatoso accidente al sur de Saltillo. Los j\u00f3venes viajaban en un Nissan Sentra cuando, al tomar una curva cerca del ejido La Esperanza, el conductor perdi\u00f3 el control. El autom\u00f3vil subi\u00f3 al camell\u00f3n, se [&hellip;]<\/p>\n","protected":false},"author":1,"featured_media":72793,"comment_status":"closed","ping_status":"closed","sticky":false,"template":"","format":"standard","meta":{"footnotes":""},"categories":[167,124],"tags":[],"class_list":["post-72789","post","type-post","status-publish","format-standard","has-post-thumbnail","hentry","category-coahuila-nacional","category-nacional"],"_links":{"self":[{"href":"https:\/\/quepocamadre.com\/index.php?rest_route=\/wp\/v2\/posts\/72789","targetHints":{"allow":["GET"]}}],"collection":[{"href":"https:\/\/quepocamadre.com\/index.php?rest_route=\/wp\/v2\/posts"}],"about":[{"href":"https:\/\/quepocamadre.com\/index.php?rest_route=\/wp\/v2\/types\/post"}],"author":[{"embeddable":true,"href":"https:\/\/quepocamadre.com\/index.php?rest_route=\/wp\/v2\/users\/1"}],"replies":[{"embeddable":true,"href":"https:\/\/quepocamadre.com\/index.php?rest_route=%2Fwp%2Fv2%2Fcomments&post=72789"}],"version-history":[{"count":1,"href":"https:\/\/quepocamadre.com\/index.php?rest_route=\/wp\/v2\/posts\/72789\/revisions"}],"predecessor-version":[{"id":72794,"href":"https:\/\/quepocamadre.com\/index.php?rest_route=\/wp\/v2\/posts\/72789\/revisions\/72794"}],"wp:featuredmedia":[{"embeddable":true,"href":"https:\/\/quepocamadre.com\/index.php?rest_route=\/wp\/v2\/media\/72793"}],"wp:attachment":[{"href":"https:\/\/quepocamadre.com\/index.php?rest_route=%2Fwp%2Fv2%2Fmedia&parent=72789"}],"wp:term":[{"taxonomy":"category","embeddable":true,"href":"https:\/\/quepocamadre.com\/index.php?rest_route=%2Fwp%2Fv2%2Fcategories&post=72789"},{"taxonomy":"post_tag","embeddable":true,"href":"https:\/\/quepocamadre.com\/index.php?rest_route=%2Fwp%2Fv2%2Ftags&post=72789"}],"curies":[{"name":"wp","href":"https:\/\/api.w.org\/{rel}","templated":true}]}}