{"id":72786,"date":"2026-09-04T07:17:51","date_gmt":"2026-09-04T13:17:51","guid":{"rendered":"https:\/\/quepocamadre.com\/?p=72786"},"modified":"2026-09-04T07:17:51","modified_gmt":"2026-09-04T13:17:51","slug":"lo-devoro-el-olvido-hallan-cuerpo-en-descomposicion-a-la-orilla-de-la-carretera","status":"publish","type":"post","link":"https:\/\/quepocamadre.com\/?p=72786","title":{"rendered":"\u00a1LO DEVOR\u00d3 EL OLVIDO! HALLAN CUERPO EN DESCOMPOSICI\u00d3N A LA ORILLA DE LA CARRETERA"},"content":{"rendered":"<p>Macabro hallazgo en los l\u00edmites de Saltillo y Ramos Arizpe, Coahuila. Un hombre fue localizado sin vida entre los arbustos, a la altura del kil\u00f3metro 9 de la carretera libre a Monclova.<\/p>\n<p>Param\u00e9dicos de Bomberos acudieron al sitio, pero nada pudieron hacer: la v\u00edctima ya no contaba con signos vitales y su cuerpo presentaba avanzado estado de descomposici\u00f3n.<\/p>\n<p>Los primeros indicios apuntan a que el hombre habr\u00eda sido atropellado a un costado de la carretera, aunque ser\u00e1n la necropsia y los peritajes los que determinen con exactitud la causa de muerte.<\/p>\n<p>La zona fue acordonada por autoridades municipales y elementos de la Guardia Nacional, mientras personal de la Fiscal\u00eda realiz\u00f3 las diligencias correspondientes.<\/p>\n<p>El cuerpo ser\u00e1 trasladado al Semefo, donde se buscar\u00e1 establecer su identidad y localizar a sus familiares.<\/p>\n","protected":false},"excerpt":{"rendered":"<p>Macabro hallazgo en los l\u00edmites de Saltillo y Ramos Arizpe, Coahuila. Un hombre fue localizado sin vida entre los arbustos, a la altura del kil\u00f3metro 9 de la carretera libre a Monclova. Param\u00e9dicos de Bomberos acudieron al sitio, pero nada pudieron hacer: la v\u00edctima ya no contaba con signos vitales y su cuerpo presentaba avanzado [&hellip;]<\/p>\n","protected":false},"author":1,"featured_media":72790,"comment_status":"closed","ping_status":"closed","sticky":false,"template":"","format":"standard","meta":{"footnotes":""},"categories":[167,124],"tags":[],"class_list":["post-72786","post","type-post","status-publish","format-standard","has-post-thumbnail","hentry","category-coahuila-nacional","category-nacional"],"_links":{"self":[{"href":"https:\/\/quepocamadre.com\/index.php?rest_route=\/wp\/v2\/posts\/72786","targetHints":{"allow":["GET"]}}],"collection":[{"href":"https:\/\/quepocamadre.com\/index.php?rest_route=\/wp\/v2\/posts"}],"about":[{"href":"https:\/\/quepocamadre.com\/index.php?rest_route=\/wp\/v2\/types\/post"}],"author":[{"embeddable":true,"href":"https:\/\/quepocamadre.com\/index.php?rest_route=\/wp\/v2\/users\/1"}],"replies":[{"embeddable":true,"href":"https:\/\/quepocamadre.com\/index.php?rest_route=%2Fwp%2Fv2%2Fcomments&post=72786"}],"version-history":[{"count":1,"href":"https:\/\/quepocamadre.com\/index.php?rest_route=\/wp\/v2\/posts\/72786\/revisions"}],"predecessor-version":[{"id":72791,"href":"https:\/\/quepocamadre.com\/index.php?rest_route=\/wp\/v2\/posts\/72786\/revisions\/72791"}],"wp:featuredmedia":[{"embeddable":true,"href":"https:\/\/quepocamadre.com\/index.php?rest_route=\/wp\/v2\/media\/72790"}],"wp:attachment":[{"href":"https:\/\/quepocamadre.com\/index.php?rest_route=%2Fwp%2Fv2%2Fmedia&parent=72786"}],"wp:term":[{"taxonomy":"category","embeddable":true,"href":"https:\/\/quepocamadre.com\/index.php?rest_route=%2Fwp%2Fv2%2Fcategories&post=72786"},{"taxonomy":"post_tag","embeddable":true,"href":"https:\/\/quepocamadre.com\/index.php?rest_route=%2Fwp%2Fv2%2Ftags&post=72786"}],"curies":[{"name":"wp","href":"https:\/\/api.w.org\/{rel}","templated":true}]}}