{"id":72783,"date":"2026-09-04T07:17:14","date_gmt":"2026-09-04T13:17:14","guid":{"rendered":"https:\/\/quepocamadre.com\/?p=72783"},"modified":"2026-09-04T07:17:14","modified_gmt":"2026-09-04T13:17:14","slug":"ardio-el-asfalto-pipa-explota-y-una-columna-de-humo-negro-cubre-la-autopista","status":"publish","type":"post","link":"https:\/\/quepocamadre.com\/?p=72783","title":{"rendered":"\u00a1ARDI\u00d3 EL ASFALTO! PIPA EXPLOTA Y UNA COLUMNA DE HUMO NEGRO CUBRE LA AUTOPISTA"},"content":{"rendered":"<p>Una pipa cargada con combustible explot\u00f3 sobre la autopista M\u00e9xico-Veracruz, en el tramo Xalapa-Perote, a la altura de El Fresno, Tlacolulan.<\/p>\n<p>El accidente ocurri\u00f3 en el kil\u00f3metro 139, donde, de acuerdo con los primeros reportes, el conductor perdi\u00f3 el control y sali\u00f3 de la carpeta asf\u00e1ltica. Tras el impacto, la unidad comenz\u00f3 a arder y posteriormente se registr\u00f3 la explosi\u00f3n.<\/p>\n<p>Una gigantesca columna de humo negro pudo observarse desde varios kil\u00f3metros, mientras cuerpos de emergencia y polic\u00edas se movilizaban para controlar la situaci\u00f3n.<\/p>\n<p>La circulaci\u00f3n fue cerrada en ambos sentidos durante varias horas para permitir los trabajos de bomberos y Protecci\u00f3n Civil. Hasta los primeros reportes no se hab\u00eda confirmado oficialmente el estado del operador ni el tipo de combustible transportado.<\/p>\n","protected":false},"excerpt":{"rendered":"<p>Una pipa cargada con combustible explot\u00f3 sobre la autopista M\u00e9xico-Veracruz, en el tramo Xalapa-Perote, a la altura de El Fresno, Tlacolulan. El accidente ocurri\u00f3 en el kil\u00f3metro 139, donde, de acuerdo con los primeros reportes, el conductor perdi\u00f3 el control y sali\u00f3 de la carpeta asf\u00e1ltica. Tras el impacto, la unidad comenz\u00f3 a arder y [&hellip;]<\/p>\n","protected":false},"author":1,"featured_media":72787,"comment_status":"closed","ping_status":"closed","sticky":false,"template":"","format":"standard","meta":{"footnotes":""},"categories":[124,131],"tags":[],"class_list":["post-72783","post","type-post","status-publish","format-standard","has-post-thumbnail","hentry","category-nacional","category-veracruz"],"_links":{"self":[{"href":"https:\/\/quepocamadre.com\/index.php?rest_route=\/wp\/v2\/posts\/72783","targetHints":{"allow":["GET"]}}],"collection":[{"href":"https:\/\/quepocamadre.com\/index.php?rest_route=\/wp\/v2\/posts"}],"about":[{"href":"https:\/\/quepocamadre.com\/index.php?rest_route=\/wp\/v2\/types\/post"}],"author":[{"embeddable":true,"href":"https:\/\/quepocamadre.com\/index.php?rest_route=\/wp\/v2\/users\/1"}],"replies":[{"embeddable":true,"href":"https:\/\/quepocamadre.com\/index.php?rest_route=%2Fwp%2Fv2%2Fcomments&post=72783"}],"version-history":[{"count":1,"href":"https:\/\/quepocamadre.com\/index.php?rest_route=\/wp\/v2\/posts\/72783\/revisions"}],"predecessor-version":[{"id":72788,"href":"https:\/\/quepocamadre.com\/index.php?rest_route=\/wp\/v2\/posts\/72783\/revisions\/72788"}],"wp:featuredmedia":[{"embeddable":true,"href":"https:\/\/quepocamadre.com\/index.php?rest_route=\/wp\/v2\/media\/72787"}],"wp:attachment":[{"href":"https:\/\/quepocamadre.com\/index.php?rest_route=%2Fwp%2Fv2%2Fmedia&parent=72783"}],"wp:term":[{"taxonomy":"category","embeddable":true,"href":"https:\/\/quepocamadre.com\/index.php?rest_route=%2Fwp%2Fv2%2Fcategories&post=72783"},{"taxonomy":"post_tag","embeddable":true,"href":"https:\/\/quepocamadre.com\/index.php?rest_route=%2Fwp%2Fv2%2Ftags&post=72783"}],"curies":[{"name":"wp","href":"https:\/\/api.w.org\/{rel}","templated":true}]}}