{"id":72780,"date":"2026-09-04T07:16:41","date_gmt":"2026-09-04T13:16:41","guid":{"rendered":"https:\/\/quepocamadre.com\/?p=72780"},"modified":"2026-09-04T07:16:41","modified_gmt":"2026-09-04T13:16:41","slug":"se-desato-el-infierno-rina-termina-a-balazos-y-deja-dos-heridos-en-puebla","status":"publish","type":"post","link":"https:\/\/quepocamadre.com\/?p=72780","title":{"rendered":"\u00a1SE DESAT\u00d3 EL INFIERNO! RI\u00d1A TERMINA A BALAZOS Y DEJA DOS HERIDOS EN PUEBLA"},"content":{"rendered":"<p>La tarde de este jueves, el miedo se apoder\u00f3 de las inmediaciones del mercado Hidalgo, en Puebla, luego de que una presunta ri\u00f1a entre civiles terminara a balazos.<\/p>\n<p>Las detonaciones provocaron una fuerte movilizaci\u00f3n policiaca. Elementos de seguridad acordonaron la zona mientras param\u00e9dicos atend\u00edan a dos personas lesionadas, quienes fueron trasladadas al Hospital de Traumatolog\u00eda y Ortopedia.<\/p>\n<p>El enfrentamiento tambi\u00e9n provoc\u00f3 el cierre temporal de bulevar Norte y H\u00e9roes de Nacozari, generando un fuerte caos vial y afectaciones para comerciantes y automovilistas.<\/p>\n<p>Hasta el momento no se ha informado con precisi\u00f3n qu\u00e9 origin\u00f3 la pelea, cu\u00e1ntas personas participaron o si existen detenidos.<\/p>\n","protected":false},"excerpt":{"rendered":"<p>La tarde de este jueves, el miedo se apoder\u00f3 de las inmediaciones del mercado Hidalgo, en Puebla, luego de que una presunta ri\u00f1a entre civiles terminara a balazos. Las detonaciones provocaron una fuerte movilizaci\u00f3n policiaca. Elementos de seguridad acordonaron la zona mientras param\u00e9dicos atend\u00edan a dos personas lesionadas, quienes fueron trasladadas al Hospital de Traumatolog\u00eda [&hellip;]<\/p>\n","protected":false},"author":1,"featured_media":72784,"comment_status":"closed","ping_status":"closed","sticky":false,"template":"","format":"standard","meta":{"footnotes":""},"categories":[124,132],"tags":[],"class_list":["post-72780","post","type-post","status-publish","format-standard","has-post-thumbnail","hentry","category-nacional","category-puebla"],"_links":{"self":[{"href":"https:\/\/quepocamadre.com\/index.php?rest_route=\/wp\/v2\/posts\/72780","targetHints":{"allow":["GET"]}}],"collection":[{"href":"https:\/\/quepocamadre.com\/index.php?rest_route=\/wp\/v2\/posts"}],"about":[{"href":"https:\/\/quepocamadre.com\/index.php?rest_route=\/wp\/v2\/types\/post"}],"author":[{"embeddable":true,"href":"https:\/\/quepocamadre.com\/index.php?rest_route=\/wp\/v2\/users\/1"}],"replies":[{"embeddable":true,"href":"https:\/\/quepocamadre.com\/index.php?rest_route=%2Fwp%2Fv2%2Fcomments&post=72780"}],"version-history":[{"count":1,"href":"https:\/\/quepocamadre.com\/index.php?rest_route=\/wp\/v2\/posts\/72780\/revisions"}],"predecessor-version":[{"id":72785,"href":"https:\/\/quepocamadre.com\/index.php?rest_route=\/wp\/v2\/posts\/72780\/revisions\/72785"}],"wp:featuredmedia":[{"embeddable":true,"href":"https:\/\/quepocamadre.com\/index.php?rest_route=\/wp\/v2\/media\/72784"}],"wp:attachment":[{"href":"https:\/\/quepocamadre.com\/index.php?rest_route=%2Fwp%2Fv2%2Fmedia&parent=72780"}],"wp:term":[{"taxonomy":"category","embeddable":true,"href":"https:\/\/quepocamadre.com\/index.php?rest_route=%2Fwp%2Fv2%2Fcategories&post=72780"},{"taxonomy":"post_tag","embeddable":true,"href":"https:\/\/quepocamadre.com\/index.php?rest_route=%2Fwp%2Fv2%2Ftags&post=72780"}],"curies":[{"name":"wp","href":"https:\/\/api.w.org\/{rel}","templated":true}]}}