{"id":72774,"date":"2026-09-04T07:15:38","date_gmt":"2026-09-04T13:15:38","guid":{"rendered":"https:\/\/quepocamadre.com\/?p=72774"},"modified":"2026-09-04T07:15:38","modified_gmt":"2026-09-04T13:15:38","slug":"estruendoso-susto-explosion-sacude-negocio-y-desata-panico-en-hidalgo","status":"publish","type":"post","link":"https:\/\/quepocamadre.com\/?p=72774","title":{"rendered":"\u00a1ESTRUENDOSO SUSTO! EXPLOSI\u00d3N SACUDE NEGOCIO Y DESATA P\u00c1NICO EN HIDALGO"},"content":{"rendered":"<p>Una explosi\u00f3n dentro de un negocio de alimentos provoc\u00f3 momentos de p\u00e1nico y tensi\u00f3n en la avenida Moreda, en el fraccionamiento San Jos\u00e9, Mineral de la Reforma.<\/p>\n<p>El estruendo alarm\u00f3 a clientes, trabajadores y vecinos, quienes solicitaron de inmediato la presencia de los cuerpos de emergencia.<\/p>\n<p>Los primeros reportes apuntan a una posible acumulaci\u00f3n de gas como origen del estallido, aunque ser\u00e1n los peritajes los que determinen qu\u00e9 ocurri\u00f3 realmente.<\/p>\n<p>Elementos de emergencia y seguridad revisaron el inmueble para descartar mayores riesgos. El establecimiento sufri\u00f3 da\u00f1os, pero hasta el momento no se reportan personas heridas.<\/p>\n<p>Las autoridades mantienen las investigaciones para determinar las causas de la explosi\u00f3n y establecer si el sitio cuenta con las condiciones necesarias para volver a operar.<\/p>\n","protected":false},"excerpt":{"rendered":"<p>Una explosi\u00f3n dentro de un negocio de alimentos provoc\u00f3 momentos de p\u00e1nico y tensi\u00f3n en la avenida Moreda, en el fraccionamiento San Jos\u00e9, Mineral de la Reforma. El estruendo alarm\u00f3 a clientes, trabajadores y vecinos, quienes solicitaron de inmediato la presencia de los cuerpos de emergencia. Los primeros reportes apuntan a una posible acumulaci\u00f3n de [&hellip;]<\/p>\n","protected":false},"author":1,"featured_media":72778,"comment_status":"closed","ping_status":"closed","sticky":false,"template":"","format":"standard","meta":{"footnotes":""},"categories":[177,124],"tags":[],"class_list":["post-72774","post","type-post","status-publish","format-standard","has-post-thumbnail","hentry","category-hidalgo","category-nacional"],"_links":{"self":[{"href":"https:\/\/quepocamadre.com\/index.php?rest_route=\/wp\/v2\/posts\/72774","targetHints":{"allow":["GET"]}}],"collection":[{"href":"https:\/\/quepocamadre.com\/index.php?rest_route=\/wp\/v2\/posts"}],"about":[{"href":"https:\/\/quepocamadre.com\/index.php?rest_route=\/wp\/v2\/types\/post"}],"author":[{"embeddable":true,"href":"https:\/\/quepocamadre.com\/index.php?rest_route=\/wp\/v2\/users\/1"}],"replies":[{"embeddable":true,"href":"https:\/\/quepocamadre.com\/index.php?rest_route=%2Fwp%2Fv2%2Fcomments&post=72774"}],"version-history":[{"count":1,"href":"https:\/\/quepocamadre.com\/index.php?rest_route=\/wp\/v2\/posts\/72774\/revisions"}],"predecessor-version":[{"id":72779,"href":"https:\/\/quepocamadre.com\/index.php?rest_route=\/wp\/v2\/posts\/72774\/revisions\/72779"}],"wp:featuredmedia":[{"embeddable":true,"href":"https:\/\/quepocamadre.com\/index.php?rest_route=\/wp\/v2\/media\/72778"}],"wp:attachment":[{"href":"https:\/\/quepocamadre.com\/index.php?rest_route=%2Fwp%2Fv2%2Fmedia&parent=72774"}],"wp:term":[{"taxonomy":"category","embeddable":true,"href":"https:\/\/quepocamadre.com\/index.php?rest_route=%2Fwp%2Fv2%2Fcategories&post=72774"},{"taxonomy":"post_tag","embeddable":true,"href":"https:\/\/quepocamadre.com\/index.php?rest_route=%2Fwp%2Fv2%2Ftags&post=72774"}],"curies":[{"name":"wp","href":"https:\/\/api.w.org\/{rel}","templated":true}]}}