{"id":72771,"date":"2026-09-04T07:15:09","date_gmt":"2026-09-04T13:15:09","guid":{"rendered":"https:\/\/quepocamadre.com\/?p=72771"},"modified":"2026-09-04T07:15:09","modified_gmt":"2026-09-04T13:15:09","slug":"lo-mando-al-camellon-y-quiso-escapar-taxista-arrolla-a-joven-en-jardin-balbuena","status":"publish","type":"post","link":"https:\/\/quepocamadre.com\/?p=72771","title":{"rendered":"\u00a1LO MAND\u00d3 AL CAMELL\u00d3N Y QUISO ESCAPAR! TAXISTA ARROLLA A JOVEN EN JARD\u00cdN BALBUENA"},"content":{"rendered":"<p>Un joven de aproximadamente 25 a 30 a\u00f1os perdi\u00f3 la vida tras ser atropellado por un veh\u00edculo habilitado como taxi sobre los carriles centrales de Fray Servando, a la altura de Genaro Garc\u00eda, en la colonia Jard\u00edn Balbuena, alcald\u00eda Venustiano Carranza.<\/p>\n<p>De acuerdo con los primeros reportes, la v\u00edctima intentaba cruzar la vialidad cuando fue embestida y proyectada hacia el camell\u00f3n central. El conductor presuntamente intent\u00f3 escapar, pero fue detenido por automovilistas que presenciaron el accidente. Autoridades realizaron las diligencias correspondientes para esclarecer los hechos y deslindar responsabilidades.<\/p>\n","protected":false},"excerpt":{"rendered":"<p>Un joven de aproximadamente 25 a 30 a\u00f1os perdi\u00f3 la vida tras ser atropellado por un veh\u00edculo habilitado como taxi sobre los carriles centrales de Fray Servando, a la altura de Genaro Garc\u00eda, en la colonia Jard\u00edn Balbuena, alcald\u00eda Venustiano Carranza. De acuerdo con los primeros reportes, la v\u00edctima intentaba cruzar la vialidad cuando fue [&hellip;]<\/p>\n","protected":false},"author":1,"featured_media":72775,"comment_status":"closed","ping_status":"closed","sticky":false,"template":"","format":"standard","meta":{"footnotes":""},"categories":[123],"tags":[],"class_list":["post-72771","post","type-post","status-publish","format-standard","has-post-thumbnail","hentry","category-cdmx"],"_links":{"self":[{"href":"https:\/\/quepocamadre.com\/index.php?rest_route=\/wp\/v2\/posts\/72771","targetHints":{"allow":["GET"]}}],"collection":[{"href":"https:\/\/quepocamadre.com\/index.php?rest_route=\/wp\/v2\/posts"}],"about":[{"href":"https:\/\/quepocamadre.com\/index.php?rest_route=\/wp\/v2\/types\/post"}],"author":[{"embeddable":true,"href":"https:\/\/quepocamadre.com\/index.php?rest_route=\/wp\/v2\/users\/1"}],"replies":[{"embeddable":true,"href":"https:\/\/quepocamadre.com\/index.php?rest_route=%2Fwp%2Fv2%2Fcomments&post=72771"}],"version-history":[{"count":1,"href":"https:\/\/quepocamadre.com\/index.php?rest_route=\/wp\/v2\/posts\/72771\/revisions"}],"predecessor-version":[{"id":72776,"href":"https:\/\/quepocamadre.com\/index.php?rest_route=\/wp\/v2\/posts\/72771\/revisions\/72776"}],"wp:featuredmedia":[{"embeddable":true,"href":"https:\/\/quepocamadre.com\/index.php?rest_route=\/wp\/v2\/media\/72775"}],"wp:attachment":[{"href":"https:\/\/quepocamadre.com\/index.php?rest_route=%2Fwp%2Fv2%2Fmedia&parent=72771"}],"wp:term":[{"taxonomy":"category","embeddable":true,"href":"https:\/\/quepocamadre.com\/index.php?rest_route=%2Fwp%2Fv2%2Fcategories&post=72771"},{"taxonomy":"post_tag","embeddable":true,"href":"https:\/\/quepocamadre.com\/index.php?rest_route=%2Fwp%2Fv2%2Ftags&post=72771"}],"curies":[{"name":"wp","href":"https:\/\/api.w.org\/{rel}","templated":true}]}}