{"id":72768,"date":"2026-09-04T07:14:40","date_gmt":"2026-09-04T13:14:40","guid":{"rendered":"https:\/\/quepocamadre.com\/?p=72768"},"modified":"2026-09-04T07:14:40","modified_gmt":"2026-09-04T13:14:40","slug":"el-tren-le-cambio-la-vida-en-segundos-hombre-sobrevive-tras-ser-arrollado-en-saltillo","status":"publish","type":"post","link":"https:\/\/quepocamadre.com\/?p=72768","title":{"rendered":"\u00a1EL TREN LE CAMBI\u00d3 LA VIDA EN SEGUNDOS! HOMBRE SOBREVIVE TRAS SER ARROLLADO EN SALTILLO"},"content":{"rendered":"<p>Un hombre result\u00f3 gravemente herido luego de ser atropellado por el tren en la colonia Land\u00edn, en Saltillo. El accidente ocurri\u00f3 sobre las v\u00edas paralelas a Prolongaci\u00f3n Emilio Carranza, cerca del cruce con la calle Juan de Erb\u00e1ez.<\/p>\n<p>Elementos de seguridad y cuerpos de auxilio acudieron al sitio, donde localizaron al hombre debajo de uno de los vagones. Param\u00e9dicos de la Cruz Roja Mexicana confirmaron lesiones graves, entre ellas la amputaci\u00f3n de ambos pies, por lo que fue trasladado de urgencia al Hospital General, donde ingres\u00f3 en estado cr\u00edtico.<\/p>\n","protected":false},"excerpt":{"rendered":"<p>Un hombre result\u00f3 gravemente herido luego de ser atropellado por el tren en la colonia Land\u00edn, en Saltillo. El accidente ocurri\u00f3 sobre las v\u00edas paralelas a Prolongaci\u00f3n Emilio Carranza, cerca del cruce con la calle Juan de Erb\u00e1ez. Elementos de seguridad y cuerpos de auxilio acudieron al sitio, donde localizaron al hombre debajo de uno [&hellip;]<\/p>\n","protected":false},"author":1,"featured_media":72772,"comment_status":"closed","ping_status":"closed","sticky":false,"template":"","format":"standard","meta":{"footnotes":""},"categories":[167,124],"tags":[],"class_list":["post-72768","post","type-post","status-publish","format-standard","has-post-thumbnail","hentry","category-coahuila-nacional","category-nacional"],"_links":{"self":[{"href":"https:\/\/quepocamadre.com\/index.php?rest_route=\/wp\/v2\/posts\/72768","targetHints":{"allow":["GET"]}}],"collection":[{"href":"https:\/\/quepocamadre.com\/index.php?rest_route=\/wp\/v2\/posts"}],"about":[{"href":"https:\/\/quepocamadre.com\/index.php?rest_route=\/wp\/v2\/types\/post"}],"author":[{"embeddable":true,"href":"https:\/\/quepocamadre.com\/index.php?rest_route=\/wp\/v2\/users\/1"}],"replies":[{"embeddable":true,"href":"https:\/\/quepocamadre.com\/index.php?rest_route=%2Fwp%2Fv2%2Fcomments&post=72768"}],"version-history":[{"count":1,"href":"https:\/\/quepocamadre.com\/index.php?rest_route=\/wp\/v2\/posts\/72768\/revisions"}],"predecessor-version":[{"id":72773,"href":"https:\/\/quepocamadre.com\/index.php?rest_route=\/wp\/v2\/posts\/72768\/revisions\/72773"}],"wp:featuredmedia":[{"embeddable":true,"href":"https:\/\/quepocamadre.com\/index.php?rest_route=\/wp\/v2\/media\/72772"}],"wp:attachment":[{"href":"https:\/\/quepocamadre.com\/index.php?rest_route=%2Fwp%2Fv2%2Fmedia&parent=72768"}],"wp:term":[{"taxonomy":"category","embeddable":true,"href":"https:\/\/quepocamadre.com\/index.php?rest_route=%2Fwp%2Fv2%2Fcategories&post=72768"},{"taxonomy":"post_tag","embeddable":true,"href":"https:\/\/quepocamadre.com\/index.php?rest_route=%2Fwp%2Fv2%2Ftags&post=72768"}],"curies":[{"name":"wp","href":"https:\/\/api.w.org\/{rel}","templated":true}]}}