{"id":72765,"date":"2026-09-04T07:14:08","date_gmt":"2026-09-04T13:14:08","guid":{"rendered":"https:\/\/quepocamadre.com\/?p=72765"},"modified":"2026-09-04T07:14:08","modified_gmt":"2026-09-04T13:14:08","slug":"plomazo-balacera-en-puebla-textil-deja-un-muerto-y-dos-heridos","status":"publish","type":"post","link":"https:\/\/quepocamadre.com\/?p=72765","title":{"rendered":"\u00a1PLOMAZO! BALACERA EN PUEBLA TEXTIL DEJA UN MUERTO Y DOS HERIDOS"},"content":{"rendered":"<p>Un ataque armado registrado la ma\u00f1ana de este jueves sobre la calle 16 de Septiembre, en la colonia Puebla Textil, en Puebla, dej\u00f3 como saldo un hombre sin vida y dos personas m\u00e1s lesionadas por impactos de arma de fuego.<\/p>\n<p>Elementos de la Polic\u00eda Municipal y Estatal acudieron al lugar para acordonar la zona, mientras personal de la Fiscal\u00eda General del Estado de Puebla realiz\u00f3 las diligencias correspondientes y recab\u00f3 indicios para esclarecer el ataque y dar con los responsables.<\/p>\n","protected":false},"excerpt":{"rendered":"<p>Un ataque armado registrado la ma\u00f1ana de este jueves sobre la calle 16 de Septiembre, en la colonia Puebla Textil, en Puebla, dej\u00f3 como saldo un hombre sin vida y dos personas m\u00e1s lesionadas por impactos de arma de fuego. Elementos de la Polic\u00eda Municipal y Estatal acudieron al lugar para acordonar la zona, mientras [&hellip;]<\/p>\n","protected":false},"author":1,"featured_media":72769,"comment_status":"closed","ping_status":"closed","sticky":false,"template":"","format":"standard","meta":{"footnotes":""},"categories":[124,132],"tags":[],"class_list":["post-72765","post","type-post","status-publish","format-standard","has-post-thumbnail","hentry","category-nacional","category-puebla"],"_links":{"self":[{"href":"https:\/\/quepocamadre.com\/index.php?rest_route=\/wp\/v2\/posts\/72765","targetHints":{"allow":["GET"]}}],"collection":[{"href":"https:\/\/quepocamadre.com\/index.php?rest_route=\/wp\/v2\/posts"}],"about":[{"href":"https:\/\/quepocamadre.com\/index.php?rest_route=\/wp\/v2\/types\/post"}],"author":[{"embeddable":true,"href":"https:\/\/quepocamadre.com\/index.php?rest_route=\/wp\/v2\/users\/1"}],"replies":[{"embeddable":true,"href":"https:\/\/quepocamadre.com\/index.php?rest_route=%2Fwp%2Fv2%2Fcomments&post=72765"}],"version-history":[{"count":1,"href":"https:\/\/quepocamadre.com\/index.php?rest_route=\/wp\/v2\/posts\/72765\/revisions"}],"predecessor-version":[{"id":72770,"href":"https:\/\/quepocamadre.com\/index.php?rest_route=\/wp\/v2\/posts\/72765\/revisions\/72770"}],"wp:featuredmedia":[{"embeddable":true,"href":"https:\/\/quepocamadre.com\/index.php?rest_route=\/wp\/v2\/media\/72769"}],"wp:attachment":[{"href":"https:\/\/quepocamadre.com\/index.php?rest_route=%2Fwp%2Fv2%2Fmedia&parent=72765"}],"wp:term":[{"taxonomy":"category","embeddable":true,"href":"https:\/\/quepocamadre.com\/index.php?rest_route=%2Fwp%2Fv2%2Fcategories&post=72765"},{"taxonomy":"post_tag","embeddable":true,"href":"https:\/\/quepocamadre.com\/index.php?rest_route=%2Fwp%2Fv2%2Ftags&post=72765"}],"curies":[{"name":"wp","href":"https:\/\/api.w.org\/{rel}","templated":true}]}}