{"id":72764,"date":"2026-09-04T07:13:34","date_gmt":"2026-09-04T13:13:34","guid":{"rendered":"https:\/\/quepocamadre.com\/?p=72764"},"modified":"2026-09-04T07:13:34","modified_gmt":"2026-09-04T13:13:34","slug":"la-maleza-guardaba-un-secreto-hallan-cuerpo-sin-vida-cerca-de-cecyte-en-cancun","status":"publish","type":"post","link":"https:\/\/quepocamadre.com\/?p=72764","title":{"rendered":"\u00a1LA MALEZA GUARDABA UN SECRETO! HALLAN CUERPO SIN VIDA CERCA DE CECyTE EN CANC\u00daN"},"content":{"rendered":"<p>El cuerpo sin vida de una persona fue localizado durante la tarde de este jueves en una zona de maleza cercana al CECyTE Plantel Canc\u00fan II, en las inmediaciones de avenida 135, en Canc\u00fan.<\/p>\n<p>El hallazgo fue reportado alrededor de la 1 de la tarde, lo que gener\u00f3 la movilizaci\u00f3n de cuerpos de seguridad. Autoridades acordonaron el \u00e1rea para preservar los indicios, mientras personal ministerial realiza las diligencias correspondientes para determinar la identidad de la v\u00edctima y las causas del fallecimiento.<\/p>\n","protected":false},"excerpt":{"rendered":"<p>El cuerpo sin vida de una persona fue localizado durante la tarde de este jueves en una zona de maleza cercana al CECyTE Plantel Canc\u00fan II, en las inmediaciones de avenida 135, en Canc\u00fan. El hallazgo fue reportado alrededor de la 1 de la tarde, lo que gener\u00f3 la movilizaci\u00f3n de cuerpos de seguridad. Autoridades [&hellip;]<\/p>\n","protected":false},"author":1,"featured_media":72766,"comment_status":"closed","ping_status":"closed","sticky":false,"template":"","format":"standard","meta":{"footnotes":""},"categories":[124,199],"tags":[],"class_list":["post-72764","post","type-post","status-publish","format-standard","has-post-thumbnail","hentry","category-nacional","category-qintana-roo"],"_links":{"self":[{"href":"https:\/\/quepocamadre.com\/index.php?rest_route=\/wp\/v2\/posts\/72764","targetHints":{"allow":["GET"]}}],"collection":[{"href":"https:\/\/quepocamadre.com\/index.php?rest_route=\/wp\/v2\/posts"}],"about":[{"href":"https:\/\/quepocamadre.com\/index.php?rest_route=\/wp\/v2\/types\/post"}],"author":[{"embeddable":true,"href":"https:\/\/quepocamadre.com\/index.php?rest_route=\/wp\/v2\/users\/1"}],"replies":[{"embeddable":true,"href":"https:\/\/quepocamadre.com\/index.php?rest_route=%2Fwp%2Fv2%2Fcomments&post=72764"}],"version-history":[{"count":1,"href":"https:\/\/quepocamadre.com\/index.php?rest_route=\/wp\/v2\/posts\/72764\/revisions"}],"predecessor-version":[{"id":72767,"href":"https:\/\/quepocamadre.com\/index.php?rest_route=\/wp\/v2\/posts\/72764\/revisions\/72767"}],"wp:featuredmedia":[{"embeddable":true,"href":"https:\/\/quepocamadre.com\/index.php?rest_route=\/wp\/v2\/media\/72766"}],"wp:attachment":[{"href":"https:\/\/quepocamadre.com\/index.php?rest_route=%2Fwp%2Fv2%2Fmedia&parent=72764"}],"wp:term":[{"taxonomy":"category","embeddable":true,"href":"https:\/\/quepocamadre.com\/index.php?rest_route=%2Fwp%2Fv2%2Fcategories&post=72764"},{"taxonomy":"post_tag","embeddable":true,"href":"https:\/\/quepocamadre.com\/index.php?rest_route=%2Fwp%2Fv2%2Ftags&post=72764"}],"curies":[{"name":"wp","href":"https:\/\/api.w.org\/{rel}","templated":true}]}}