{"id":72756,"date":"2026-09-03T09:42:22","date_gmt":"2026-09-03T15:42:22","guid":{"rendered":"https:\/\/quepocamadre.com\/?p=72756"},"modified":"2026-09-03T09:42:22","modified_gmt":"2026-09-03T15:42:22","slug":"mujer-pierde-la-vida-tras-choque-en-metepec-senalan-a-su-esposo-por-supuestamente-conducir-bajo-los-efectos-del-alcohol","status":"publish","type":"post","link":"https:\/\/quepocamadre.com\/?p=72756","title":{"rendered":"MUJER PIERDE LA VIDA TRAS CHOQUE EN METEPEC&#8230; SE\u00d1ALAN A SU ESPOSO POR SUPUESTAMENTE CONDUCIR BAJO LOS EFECTOS DEL ALCOHOL"},"content":{"rendered":"<p data-start=\"79\" data-end=\"367\">La madrugada de este jueves termin\u00f3 en tragedia sobre avenida Federaci\u00f3n, a la entrada de Infonavit San Gabriel, en #Metepec. Una mujer perdi\u00f3 la vida luego de que el veh\u00edculo en el que viajaba se impactara contra un \u00e1rbol tras, presuntamente, perder el control por exceso de velocidad.<\/p>\n<p data-start=\"369\" data-end=\"742\">De acuerdo con los primeros reportes, el autom\u00f3vil era conducido por su esposo, quien presuntamente se encontraba bajo los efectos del alcohol. Tras el fuerte impacto, la mujer qued\u00f3 dentro de la unidad sin signos vitales, mientras que el hombre habr\u00eda intentado escapar corriendo del lugar; sin embargo, vecinos y polic\u00edas municipales lograron darle alcance y detenerlo.<\/p>\n<p data-start=\"744\" data-end=\"932\">El presunto responsable fue puesto a disposici\u00f3n de las autoridades, quienes ser\u00e1n las encargadas de determinar su situaci\u00f3n jur\u00eddica y esclarecer c\u00f3mo ocurri\u00f3 este lamentable accidente.<\/p>\n<p data-start=\"744\" data-end=\"932\">\n<p data-start=\"744\" data-end=\"932\"><a href=\"https:\/\/quepocamadre.com\/?attachment_id=72757\" rel=\"attachment wp-att-72757\"><img fetchpriority=\"high\" decoding=\"async\" class=\"alignnone size-full wp-image-72757\" src=\"https:\/\/quepocamadre.com\/wp-content\/uploads\/2026\/09\/Copia-de-DISENO-FOTO-VIDEO-2026-09-03T093205.352.png\" alt=\"\" width=\"940\" height=\"788\" srcset=\"https:\/\/quepocamadre.com\/wp-content\/uploads\/2026\/09\/Copia-de-DISENO-FOTO-VIDEO-2026-09-03T093205.352.png 940w, https:\/\/quepocamadre.com\/wp-content\/uploads\/2026\/09\/Copia-de-DISENO-FOTO-VIDEO-2026-09-03T093205.352-300x251.png 300w, https:\/\/quepocamadre.com\/wp-content\/uploads\/2026\/09\/Copia-de-DISENO-FOTO-VIDEO-2026-09-03T093205.352-768x644.png 768w\" sizes=\"(max-width: 940px) 100vw, 940px\" \/><\/a><\/p>\n","protected":false},"excerpt":{"rendered":"<p>La madrugada de este jueves termin\u00f3 en tragedia sobre avenida Federaci\u00f3n, a la entrada de Infonavit San Gabriel, en #Metepec. Una mujer perdi\u00f3 la vida luego de que el veh\u00edculo en el que viajaba se impactara contra un \u00e1rbol tras, presuntamente, perder el control por exceso de velocidad. De acuerdo con los primeros reportes, el [&hellip;]<\/p>\n","protected":false},"author":12,"featured_media":72758,"comment_status":"closed","ping_status":"closed","sticky":false,"template":"","format":"standard","meta":{"footnotes":""},"categories":[102,105],"tags":[],"class_list":["post-72756","post","type-post","status-publish","format-standard","has-post-thumbnail","hentry","category-edomex","category-metepec"],"_links":{"self":[{"href":"https:\/\/quepocamadre.com\/index.php?rest_route=\/wp\/v2\/posts\/72756","targetHints":{"allow":["GET"]}}],"collection":[{"href":"https:\/\/quepocamadre.com\/index.php?rest_route=\/wp\/v2\/posts"}],"about":[{"href":"https:\/\/quepocamadre.com\/index.php?rest_route=\/wp\/v2\/types\/post"}],"author":[{"embeddable":true,"href":"https:\/\/quepocamadre.com\/index.php?rest_route=\/wp\/v2\/users\/12"}],"replies":[{"embeddable":true,"href":"https:\/\/quepocamadre.com\/index.php?rest_route=%2Fwp%2Fv2%2Fcomments&post=72756"}],"version-history":[{"count":1,"href":"https:\/\/quepocamadre.com\/index.php?rest_route=\/wp\/v2\/posts\/72756\/revisions"}],"predecessor-version":[{"id":72759,"href":"https:\/\/quepocamadre.com\/index.php?rest_route=\/wp\/v2\/posts\/72756\/revisions\/72759"}],"wp:featuredmedia":[{"embeddable":true,"href":"https:\/\/quepocamadre.com\/index.php?rest_route=\/wp\/v2\/media\/72758"}],"wp:attachment":[{"href":"https:\/\/quepocamadre.com\/index.php?rest_route=%2Fwp%2Fv2%2Fmedia&parent=72756"}],"wp:term":[{"taxonomy":"category","embeddable":true,"href":"https:\/\/quepocamadre.com\/index.php?rest_route=%2Fwp%2Fv2%2Fcategories&post=72756"},{"taxonomy":"post_tag","embeddable":true,"href":"https:\/\/quepocamadre.com\/index.php?rest_route=%2Fwp%2Fv2%2Ftags&post=72756"}],"curies":[{"name":"wp","href":"https:\/\/api.w.org\/{rel}","templated":true}]}}