{"id":72749,"date":"2026-09-03T07:58:41","date_gmt":"2026-09-03T13:58:41","guid":{"rendered":"https:\/\/quepocamadre.com\/?p=72749"},"modified":"2026-09-03T07:58:41","modified_gmt":"2026-09-03T13:58:41","slug":"crimen-atroz-y-de-terror-en-edomex-asesinan-al-tecladista-de-camilo-septimo-junto-con-su-esposa-embarazada-y-su-hijita","status":"publish","type":"post","link":"https:\/\/quepocamadre.com\/?p=72749","title":{"rendered":"\u00a1CRIMEN ATROZ Y DE TERROR EN EDOM\u00c9X! ASESINAN AL TECLADISTA DE CAMILO S\u00c9PTIMO JUNTO CON SU ESPOSA EMBARAZADA Y SU HIJITA"},"content":{"rendered":"<blockquote><p><strong>Jonathan \u201cHonas\u201d Mel\u00e9ndez, m\u00fasico de 38 a\u00f1os, fue hallado muerto junto con su familia y una trabajadora del hogar; dos hombres ya fueron detenidos por el crimen.<\/strong><\/p><\/blockquote>\n<p>La m\u00fasica se convirti\u00f3 en tragedia. Jonathan Samuel Mel\u00e9ndez Ochoa, conocido como \u201cHonas\u201d y tecladista de Camilo S\u00e9ptimo, fue asesinado dentro de su departamento en Atizap\u00e1n de Zaragoza, Estado de M\u00e9xico, en un ataque que tambi\u00e9n cobr\u00f3 la vida de su esposa Ana Paola, quien ten\u00eda cuatro meses de embarazo, su hija de tres a\u00f1os y una joven de 21 a\u00f1os que trabajaba en el domicilio.<\/p>\n<p>El m\u00fasico, de 38 a\u00f1os, fue localizado sin vida la noche del martes 1 de septiembre en un departamento del fraccionamiento Grand Viure, en la Zona Esmeralda. En el inmueble tambi\u00e9n fue encontrado muerto el perro de la familia, mientras que un menor de seis a\u00f1os fue rescatado sin signos de violencia.<\/p>\n<p>Las primeras investigaciones establecen que la agresi\u00f3n habr\u00eda ocurrido entre las 17:30 y las 19:40 horas. Los peritajes se\u00f1alaron que dos de las v\u00edctimas adultas fueron encontradas maniatadas y que tres de las personas asesinadas presentaban heridas de arma de fuego en la cabeza. La cuarta v\u00edctima ten\u00eda un impacto de bala en la espalda.<\/p>\n<p>Horas antes del multihomicidio, Jonathan habr\u00eda comentado a un amigo que se reunir\u00eda con un socio y le pidi\u00f3 que, si dejaba de tener noticias suyas durante determinado tiempo, acudiera ante las autoridades. Seg\u00fan ese testimonio, el m\u00fasico manten\u00eda problemas con dicha persona.<\/p>\n<p><a href=\"https:\/\/quepocamadre.com\/wp-content\/uploads\/2026\/09\/PORTADA-3-2.jpg\"><img fetchpriority=\"high\" decoding=\"async\" class=\"aligncenter size-full wp-image-72753\" src=\"https:\/\/quepocamadre.com\/wp-content\/uploads\/2026\/09\/PORTADA-3-2.jpg\" alt=\"\" width=\"1200\" height=\"801\" srcset=\"https:\/\/quepocamadre.com\/wp-content\/uploads\/2026\/09\/PORTADA-3-2.jpg 1200w, https:\/\/quepocamadre.com\/wp-content\/uploads\/2026\/09\/PORTADA-3-2-300x200.jpg 300w, https:\/\/quepocamadre.com\/wp-content\/uploads\/2026\/09\/PORTADA-3-2-1024x684.jpg 1024w, https:\/\/quepocamadre.com\/wp-content\/uploads\/2026\/09\/PORTADA-3-2-768x513.jpg 768w\" sizes=\"(max-width: 1200px) 100vw, 1200px\" \/><\/a><\/p>\n<p>Las investigaciones de la Fiscal\u00eda General de Justicia del Estado de M\u00e9xico llevaron a la captura de Diego Sebasti\u00e1n \u201cN\u201d, identificado como socio directo del compositor y se\u00f1alado como uno de los probables responsables. De acuerdo con las indagatorias, habr\u00eda utilizado la relaci\u00f3n de confianza con la familia para ingresar al departamento sin levantar sospechas ni forzar las entradas.<\/p>\n<p>Tambi\u00e9n fue detenido Gerardo \u201cN\u201d, quien es investigado por su probable participaci\u00f3n en el ingreso al inmueble y la agresi\u00f3n contra las v\u00edctimas.<\/p>\n<p>Ambos quedaron a disposici\u00f3n de la autoridad judicial y ser\u00e1 en las siguientes etapas del proceso cuando se determine su situaci\u00f3n jur\u00eddica.<\/p>\n<p>Jonathan Mel\u00e9ndez naci\u00f3 el 7 de abril de 1988 en la Ciudad de M\u00e9xico. Desde ni\u00f1o mostr\u00f3 inter\u00e9s por la m\u00fasica y durante su formaci\u00f3n aprendi\u00f3 a tocar piano y otros instrumentos.<\/p>\n<p><a href=\"https:\/\/quepocamadre.com\/wp-content\/uploads\/2026\/09\/PORTADA-C2.jpg\"><img decoding=\"async\" class=\"aligncenter size-full wp-image-72754\" src=\"https:\/\/quepocamadre.com\/wp-content\/uploads\/2026\/09\/PORTADA-C2.jpg\" alt=\"\" width=\"1200\" height=\"801\" srcset=\"https:\/\/quepocamadre.com\/wp-content\/uploads\/2026\/09\/PORTADA-C2.jpg 1200w, https:\/\/quepocamadre.com\/wp-content\/uploads\/2026\/09\/PORTADA-C2-300x200.jpg 300w, https:\/\/quepocamadre.com\/wp-content\/uploads\/2026\/09\/PORTADA-C2-1024x684.jpg 1024w, https:\/\/quepocamadre.com\/wp-content\/uploads\/2026\/09\/PORTADA-C2-768x513.jpg 768w\" sizes=\"(max-width: 1200px) 100vw, 1200px\" \/><\/a><\/p>\n<p>En 2013 se incorpor\u00f3 a Camilo S\u00e9ptimo, agrupaci\u00f3n con la que contribuy\u00f3 a desarrollar el particular sonido de la banda mediante sintetizadores, efectos y atm\u00f3sferas que combinaron elementos del rock y el pop.<\/p>\n<p>Su carrera tambi\u00e9n incluy\u00f3 trabajos como compositor, productor, colaboraciones con otros artistas y proyectos personales. En 2015, junto con Camilo S\u00e9ptimo, recibi\u00f3 nominaciones a los Premios IMAs por artista nuevo y canci\u00f3n del a\u00f1o con \u201cNo conf\u00edes en m\u00ed\u201d. A\u00f1os despu\u00e9s, la agrupaci\u00f3n fue nominada a los MTV MIAW por el video de \u201cInevitable\u201d.<\/p>\n<p>La banda ten\u00eda presentaciones programadas para septiembre, entre ellas una en Ciudad Ju\u00e1rez y otra en Naucalpan. Hasta el momento de la informaci\u00f3n proporcionada, Camilo S\u00e9ptimo no hab\u00eda emitido una postura p\u00fablica sobre el asesinato de su compa\u00f1ero.<\/p>\n<p>La investigaci\u00f3n contin\u00faa para esclarecer el m\u00f3vil del ataque y determinar con precisi\u00f3n la responsabilidad de los detenidos en el multihomicidio que sacudi\u00f3 a la Zona Esmeralda de Atizap\u00e1n.<\/p>\n","protected":false},"excerpt":{"rendered":"<p>Jonathan \u201cHonas\u201d Mel\u00e9ndez, m\u00fasico de 38 a\u00f1os, fue hallado muerto junto con su familia y una trabajadora del hogar; dos hombres ya fueron detenidos por el crimen. La m\u00fasica se convirti\u00f3 en tragedia. Jonathan Samuel Mel\u00e9ndez Ochoa, conocido como \u201cHonas\u201d y tecladista de Camilo S\u00e9ptimo, fue asesinado dentro de su departamento en Atizap\u00e1n de Zaragoza, [&hellip;]<\/p>\n","protected":false},"author":1,"featured_media":72752,"comment_status":"closed","ping_status":"closed","sticky":false,"template":"","format":"standard","meta":{"footnotes":""},"categories":[248,102],"tags":[],"class_list":["post-72749","post","type-post","status-publish","format-standard","has-post-thumbnail","hentry","category-atizapan-de-zaragoza","category-edomex"],"_links":{"self":[{"href":"https:\/\/quepocamadre.com\/index.php?rest_route=\/wp\/v2\/posts\/72749","targetHints":{"allow":["GET"]}}],"collection":[{"href":"https:\/\/quepocamadre.com\/index.php?rest_route=\/wp\/v2\/posts"}],"about":[{"href":"https:\/\/quepocamadre.com\/index.php?rest_route=\/wp\/v2\/types\/post"}],"author":[{"embeddable":true,"href":"https:\/\/quepocamadre.com\/index.php?rest_route=\/wp\/v2\/users\/1"}],"replies":[{"embeddable":true,"href":"https:\/\/quepocamadre.com\/index.php?rest_route=%2Fwp%2Fv2%2Fcomments&post=72749"}],"version-history":[{"count":1,"href":"https:\/\/quepocamadre.com\/index.php?rest_route=\/wp\/v2\/posts\/72749\/revisions"}],"predecessor-version":[{"id":72755,"href":"https:\/\/quepocamadre.com\/index.php?rest_route=\/wp\/v2\/posts\/72749\/revisions\/72755"}],"wp:featuredmedia":[{"embeddable":true,"href":"https:\/\/quepocamadre.com\/index.php?rest_route=\/wp\/v2\/media\/72752"}],"wp:attachment":[{"href":"https:\/\/quepocamadre.com\/index.php?rest_route=%2Fwp%2Fv2%2Fmedia&parent=72749"}],"wp:term":[{"taxonomy":"category","embeddable":true,"href":"https:\/\/quepocamadre.com\/index.php?rest_route=%2Fwp%2Fv2%2Fcategories&post=72749"},{"taxonomy":"post_tag","embeddable":true,"href":"https:\/\/quepocamadre.com\/index.php?rest_route=%2Fwp%2Fv2%2Ftags&post=72749"}],"curies":[{"name":"wp","href":"https:\/\/api.w.org\/{rel}","templated":true}]}}