{"id":72731,"date":"2026-09-03T07:52:16","date_gmt":"2026-09-03T13:52:16","guid":{"rendered":"https:\/\/quepocamadre.com\/?p=72731"},"modified":"2026-09-03T07:52:16","modified_gmt":"2026-09-03T13:52:16","slug":"ataque-a-sangre-fria-el-tepis-es-vinculado-por-matar-a-tres-personas-entre-ellas-un-menor","status":"publish","type":"post","link":"https:\/\/quepocamadre.com\/?p=72731","title":{"rendered":"\u00a1Ataque a sangre fr\u00eda! &#8220;El tepis&#8221; es vinculado por matar a tres personas, entre ellas un menor"},"content":{"rendered":"<p>Un juez vincul\u00f3 a proceso a Brandon Salvador \u201cN\u201d, alias \u201cEl Tepis\u201d, se\u00f1alado por su probable participaci\u00f3n en el homicidio de tres personas, entre ellas un menor de edad, ocurrido en la colonia Santa Mar\u00eda Guadalupe, La Quebrada, en Cuautitl\u00e1n Izcalli.<\/p>\n<p>Los hechos ocurrieron el pasado 25 de julio, cuando las v\u00edctimas se encontraban descansando dentro de un domicilio. De acuerdo con la investigaci\u00f3n de la Fiscal\u00eda mexiquense, \u201cEl Tepis\u201d habr\u00eda ingresado al inmueble junto con otros cuatro sujetos y comenzaron a abrir las puertas de las habitaciones.<\/p>\n<p>En uno de los cuartos, uno de los agresores habr\u00eda disparado contra un hombre, quien muri\u00f3 a consecuencia del ataque. Posteriormente, Brandon Salvador \u201cN\u201d y otro de sus acompa\u00f1antes habr\u00edan entrado a otra habitaci\u00f3n, donde se encontraban una mujer y un menor, quienes tambi\u00e9n fueron atacados con armas de fuego.<\/p>\n<p>Tras las investigaciones, la Fiscal\u00eda identific\u00f3 a \u201cEl Tepis\u201d como uno de los probables responsables y obtuvo una orden de aprehensi\u00f3n en su contra por los delitos de homicidio y homicidio en grado de tentativa.<\/p>\n<p>Elementos de la instituci\u00f3n cumplimentaron el mandato y lo trasladaron al Centro Penitenciario de Reinserci\u00f3n Social de Cuautitl\u00e1n. El juez determin\u00f3 imponerle prisi\u00f3n preventiva y fij\u00f3 un plazo de tres meses para la investigaci\u00f3n complementaria.<\/p>\n","protected":false},"excerpt":{"rendered":"<p>Un juez vincul\u00f3 a proceso a Brandon Salvador \u201cN\u201d, alias \u201cEl Tepis\u201d, se\u00f1alado por su probable participaci\u00f3n en el homicidio de tres personas, entre ellas un menor de edad, ocurrido en la colonia Santa Mar\u00eda Guadalupe, La Quebrada, en Cuautitl\u00e1n Izcalli. Los hechos ocurrieron el pasado 25 de julio, cuando las v\u00edctimas se encontraban descansando [&hellip;]<\/p>\n","protected":false},"author":1,"featured_media":72735,"comment_status":"closed","ping_status":"closed","sticky":false,"template":"","format":"standard","meta":{"footnotes":""},"categories":[102,202],"tags":[],"class_list":["post-72731","post","type-post","status-publish","format-standard","has-post-thumbnail","hentry","category-edomex","category-izcalli"],"_links":{"self":[{"href":"https:\/\/quepocamadre.com\/index.php?rest_route=\/wp\/v2\/posts\/72731","targetHints":{"allow":["GET"]}}],"collection":[{"href":"https:\/\/quepocamadre.com\/index.php?rest_route=\/wp\/v2\/posts"}],"about":[{"href":"https:\/\/quepocamadre.com\/index.php?rest_route=\/wp\/v2\/types\/post"}],"author":[{"embeddable":true,"href":"https:\/\/quepocamadre.com\/index.php?rest_route=\/wp\/v2\/users\/1"}],"replies":[{"embeddable":true,"href":"https:\/\/quepocamadre.com\/index.php?rest_route=%2Fwp%2Fv2%2Fcomments&post=72731"}],"version-history":[{"count":1,"href":"https:\/\/quepocamadre.com\/index.php?rest_route=\/wp\/v2\/posts\/72731\/revisions"}],"predecessor-version":[{"id":72736,"href":"https:\/\/quepocamadre.com\/index.php?rest_route=\/wp\/v2\/posts\/72731\/revisions\/72736"}],"wp:featuredmedia":[{"embeddable":true,"href":"https:\/\/quepocamadre.com\/index.php?rest_route=\/wp\/v2\/media\/72735"}],"wp:attachment":[{"href":"https:\/\/quepocamadre.com\/index.php?rest_route=%2Fwp%2Fv2%2Fmedia&parent=72731"}],"wp:term":[{"taxonomy":"category","embeddable":true,"href":"https:\/\/quepocamadre.com\/index.php?rest_route=%2Fwp%2Fv2%2Fcategories&post=72731"},{"taxonomy":"post_tag","embeddable":true,"href":"https:\/\/quepocamadre.com\/index.php?rest_route=%2Fwp%2Fv2%2Ftags&post=72731"}],"curies":[{"name":"wp","href":"https:\/\/api.w.org\/{rel}","templated":true}]}}