{"id":72718,"date":"2026-09-03T07:48:15","date_gmt":"2026-09-03T13:48:15","guid":{"rendered":"https:\/\/quepocamadre.com\/?p=72718"},"modified":"2026-09-03T07:48:15","modified_gmt":"2026-09-03T13:48:15","slug":"muere-baleado-atacan-a-director-de-proteccion-civil-en-mazatlan","status":"publish","type":"post","link":"https:\/\/quepocamadre.com\/?p=72718","title":{"rendered":"\u00a1MUERE BALEADO! ATACAN A DIRECTOR DE PROTECCI\u00d3N CIVIL EN MAZATL\u00c1N"},"content":{"rendered":"<p>El director de Protecci\u00f3n Civil Municipal de Mazatl\u00e1n, \u00d3scar Osuna Tirado, fue atacado a balazos la ma\u00f1ana de este mi\u00e9rcoles mientras circulaba por el sector Montuosa.<\/p>\n<p>De acuerdo con los primeros reportes, sujetos que viajaban en una motocicleta habr\u00edan seguido la camioneta oficial y posteriormente dispararon contra el funcionario, quien result\u00f3 herido.<\/p>\n<p><a href=\"https:\/\/quepocamadre.com\/wp-content\/uploads\/2026\/09\/MUERE.jpg\"><img fetchpriority=\"high\" decoding=\"async\" class=\"aligncenter size-full wp-image-72723\" src=\"https:\/\/quepocamadre.com\/wp-content\/uploads\/2026\/09\/MUERE.jpg\" alt=\"\" width=\"1200\" height=\"801\" srcset=\"https:\/\/quepocamadre.com\/wp-content\/uploads\/2026\/09\/MUERE.jpg 1200w, https:\/\/quepocamadre.com\/wp-content\/uploads\/2026\/09\/MUERE-300x200.jpg 300w, https:\/\/quepocamadre.com\/wp-content\/uploads\/2026\/09\/MUERE-1024x684.jpg 1024w, https:\/\/quepocamadre.com\/wp-content\/uploads\/2026\/09\/MUERE-768x513.jpg 768w\" sizes=\"(max-width: 1200px) 100vw, 1200px\" \/><\/a><\/p>\n<p>Osuna Tirado fue trasladado a un hospital para recibir atenci\u00f3n m\u00e9dica. Hasta el momento, las autoridades no han informado oficialmente la gravedad de sus lesiones.<\/p>\n<p>Tras el ataque, la camioneta qued\u00f3 sobre la vialidad y la zona fue acordonada para permitir el levantamiento de indicios. Elementos de seguridad de los tres \u00f3rdenes de gobierno desplegaron un operativo en el sector, principalmente sobre la avenida Guti\u00e9rrez N\u00e1jera, en busca de los responsables. Hasta el \u00faltimo reporte no se hab\u00edan informado detenciones.<\/p>\n","protected":false},"excerpt":{"rendered":"<p>El director de Protecci\u00f3n Civil Municipal de Mazatl\u00e1n, \u00d3scar Osuna Tirado, fue atacado a balazos la ma\u00f1ana de este mi\u00e9rcoles mientras circulaba por el sector Montuosa. De acuerdo con los primeros reportes, sujetos que viajaban en una motocicleta habr\u00edan seguido la camioneta oficial y posteriormente dispararon contra el funcionario, quien result\u00f3 herido. Osuna Tirado fue [&hellip;]<\/p>\n","protected":false},"author":1,"featured_media":72722,"comment_status":"closed","ping_status":"closed","sticky":false,"template":"","format":"standard","meta":{"footnotes":""},"categories":[124,163],"tags":[],"class_list":["post-72718","post","type-post","status-publish","format-standard","has-post-thumbnail","hentry","category-nacional","category-sinaloa"],"_links":{"self":[{"href":"https:\/\/quepocamadre.com\/index.php?rest_route=\/wp\/v2\/posts\/72718","targetHints":{"allow":["GET"]}}],"collection":[{"href":"https:\/\/quepocamadre.com\/index.php?rest_route=\/wp\/v2\/posts"}],"about":[{"href":"https:\/\/quepocamadre.com\/index.php?rest_route=\/wp\/v2\/types\/post"}],"author":[{"embeddable":true,"href":"https:\/\/quepocamadre.com\/index.php?rest_route=\/wp\/v2\/users\/1"}],"replies":[{"embeddable":true,"href":"https:\/\/quepocamadre.com\/index.php?rest_route=%2Fwp%2Fv2%2Fcomments&post=72718"}],"version-history":[{"count":1,"href":"https:\/\/quepocamadre.com\/index.php?rest_route=\/wp\/v2\/posts\/72718\/revisions"}],"predecessor-version":[{"id":72724,"href":"https:\/\/quepocamadre.com\/index.php?rest_route=\/wp\/v2\/posts\/72718\/revisions\/72724"}],"wp:featuredmedia":[{"embeddable":true,"href":"https:\/\/quepocamadre.com\/index.php?rest_route=\/wp\/v2\/media\/72722"}],"wp:attachment":[{"href":"https:\/\/quepocamadre.com\/index.php?rest_route=%2Fwp%2Fv2%2Fmedia&parent=72718"}],"wp:term":[{"taxonomy":"category","embeddable":true,"href":"https:\/\/quepocamadre.com\/index.php?rest_route=%2Fwp%2Fv2%2Fcategories&post=72718"},{"taxonomy":"post_tag","embeddable":true,"href":"https:\/\/quepocamadre.com\/index.php?rest_route=%2Fwp%2Fv2%2Ftags&post=72718"}],"curies":[{"name":"wp","href":"https:\/\/api.w.org\/{rel}","templated":true}]}}