{"id":72712,"date":"2026-09-03T07:46:55","date_gmt":"2026-09-03T13:46:55","guid":{"rendered":"https:\/\/quepocamadre.com\/?p=72712"},"modified":"2026-09-03T07:46:55","modified_gmt":"2026-09-03T13:46:55","slug":"lo-cazaron-en-pleno-periferico-sicarios-rafaguean-a-hombre-en-zapopan","status":"publish","type":"post","link":"https:\/\/quepocamadre.com\/?p=72712","title":{"rendered":"\u00a1LO CAZARON EN PLENO PERIF\u00c9RICO! SICARIOS RAFAGUEAN A HOMBRE EN ZAPOPAN"},"content":{"rendered":"<p>Un hombre de aproximadamente 65 a\u00f1os fue asesinado a balazos mientras conduc\u00eda su camioneta en el cruce de Perif\u00e9rico Sur y avenida L\u00f3pez Mateos, en Zapopan.<\/p>\n<p>De acuerdo con los primeros reportes, dos sujetos que viajaban en una motocicleta alcanzaron la camioneta y dispararon directamente contra el conductor. Los impactos dieron en la zona de la cabeza y destrozaron el cristal del veh\u00edculo.<\/p>\n<p>La camioneta qued\u00f3 detenida a mitad del carril, mientras el cuerpo de la v\u00edctima permanec\u00eda en el interior.<\/p>\n<p>Polic\u00edas de Zapopan y agentes viales acordonaron la zona, donde fueron localizados al menos seis indicios bal\u00edsticos. El crimen provoc\u00f3 adem\u00e1s el cierre total del acceso a L\u00f3pez Mateos desde Perif\u00e9rico Sur, generando un fuerte caos vial durante varias horas.<\/p>\n","protected":false},"excerpt":{"rendered":"<p>Un hombre de aproximadamente 65 a\u00f1os fue asesinado a balazos mientras conduc\u00eda su camioneta en el cruce de Perif\u00e9rico Sur y avenida L\u00f3pez Mateos, en Zapopan. De acuerdo con los primeros reportes, dos sujetos que viajaban en una motocicleta alcanzaron la camioneta y dispararon directamente contra el conductor. Los impactos dieron en la zona de [&hellip;]<\/p>\n","protected":false},"author":1,"featured_media":72716,"comment_status":"closed","ping_status":"closed","sticky":false,"template":"","format":"standard","meta":{"footnotes":""},"categories":[145,124],"tags":[],"class_list":["post-72712","post","type-post","status-publish","format-standard","has-post-thumbnail","hentry","category-jalisco","category-nacional"],"_links":{"self":[{"href":"https:\/\/quepocamadre.com\/index.php?rest_route=\/wp\/v2\/posts\/72712","targetHints":{"allow":["GET"]}}],"collection":[{"href":"https:\/\/quepocamadre.com\/index.php?rest_route=\/wp\/v2\/posts"}],"about":[{"href":"https:\/\/quepocamadre.com\/index.php?rest_route=\/wp\/v2\/types\/post"}],"author":[{"embeddable":true,"href":"https:\/\/quepocamadre.com\/index.php?rest_route=\/wp\/v2\/users\/1"}],"replies":[{"embeddable":true,"href":"https:\/\/quepocamadre.com\/index.php?rest_route=%2Fwp%2Fv2%2Fcomments&post=72712"}],"version-history":[{"count":1,"href":"https:\/\/quepocamadre.com\/index.php?rest_route=\/wp\/v2\/posts\/72712\/revisions"}],"predecessor-version":[{"id":72717,"href":"https:\/\/quepocamadre.com\/index.php?rest_route=\/wp\/v2\/posts\/72712\/revisions\/72717"}],"wp:featuredmedia":[{"embeddable":true,"href":"https:\/\/quepocamadre.com\/index.php?rest_route=\/wp\/v2\/media\/72716"}],"wp:attachment":[{"href":"https:\/\/quepocamadre.com\/index.php?rest_route=%2Fwp%2Fv2%2Fmedia&parent=72712"}],"wp:term":[{"taxonomy":"category","embeddable":true,"href":"https:\/\/quepocamadre.com\/index.php?rest_route=%2Fwp%2Fv2%2Fcategories&post=72712"},{"taxonomy":"post_tag","embeddable":true,"href":"https:\/\/quepocamadre.com\/index.php?rest_route=%2Fwp%2Fv2%2Ftags&post=72712"}],"curies":[{"name":"wp","href":"https:\/\/api.w.org\/{rel}","templated":true}]}}