{"id":72709,"date":"2026-09-03T07:46:21","date_gmt":"2026-09-03T13:46:21","guid":{"rendered":"https:\/\/quepocamadre.com\/?p=72709"},"modified":"2026-09-03T07:46:21","modified_gmt":"2026-09-03T13:46:21","slug":"cadaver-en-la-cajuela-hallan-a-hombre-maniatado-y-con-huellas-de-violencia-en-tonala","status":"publish","type":"post","link":"https:\/\/quepocamadre.com\/?p=72709","title":{"rendered":"\u00a1CAD\u00c1VER EN LA CAJUELA! HALLAN A HOMBRE MANIATADO Y CON HUELLAS DE VIOLENCIA EN TONAL\u00c1"},"content":{"rendered":"<p>Un hombre fue encontrado sin vida, maniatado y con huellas de violencia dentro de la cajuela de una camioneta abandonada en una brecha de la colonia Tololotl\u00e1n.<\/p>\n<p>El descubrimiento ocurri\u00f3 este mi\u00e9rcoles 2 de septiembre, cuando polic\u00edas municipales realizaban recorridos de vigilancia por la zona. Al llegar al cruce con la calle Tenamaxtli, detectaron una camioneta Suzuki gris que parec\u00eda abandonada.<\/p>\n<p>La cajuela se encontraba entreabierta, por lo que los agentes se acercaron para realizar una revisi\u00f3n y encontraron el cuerpo en el interior. Param\u00e9dicos de la Cruz Verde Pajaritos confirmaron que el hombre ya no contaba con signos vitales.<\/p>\n<p>Hasta el momento no se ha informado qui\u00e9n abandon\u00f3 el veh\u00edculo ni el m\u00f3vil del crimen.<\/p>\n","protected":false},"excerpt":{"rendered":"<p>Un hombre fue encontrado sin vida, maniatado y con huellas de violencia dentro de la cajuela de una camioneta abandonada en una brecha de la colonia Tololotl\u00e1n. El descubrimiento ocurri\u00f3 este mi\u00e9rcoles 2 de septiembre, cuando polic\u00edas municipales realizaban recorridos de vigilancia por la zona. Al llegar al cruce con la calle Tenamaxtli, detectaron una [&hellip;]<\/p>\n","protected":false},"author":1,"featured_media":72713,"comment_status":"closed","ping_status":"closed","sticky":false,"template":"","format":"standard","meta":{"footnotes":""},"categories":[145,124],"tags":[],"class_list":["post-72709","post","type-post","status-publish","format-standard","has-post-thumbnail","hentry","category-jalisco","category-nacional"],"_links":{"self":[{"href":"https:\/\/quepocamadre.com\/index.php?rest_route=\/wp\/v2\/posts\/72709","targetHints":{"allow":["GET"]}}],"collection":[{"href":"https:\/\/quepocamadre.com\/index.php?rest_route=\/wp\/v2\/posts"}],"about":[{"href":"https:\/\/quepocamadre.com\/index.php?rest_route=\/wp\/v2\/types\/post"}],"author":[{"embeddable":true,"href":"https:\/\/quepocamadre.com\/index.php?rest_route=\/wp\/v2\/users\/1"}],"replies":[{"embeddable":true,"href":"https:\/\/quepocamadre.com\/index.php?rest_route=%2Fwp%2Fv2%2Fcomments&post=72709"}],"version-history":[{"count":1,"href":"https:\/\/quepocamadre.com\/index.php?rest_route=\/wp\/v2\/posts\/72709\/revisions"}],"predecessor-version":[{"id":72714,"href":"https:\/\/quepocamadre.com\/index.php?rest_route=\/wp\/v2\/posts\/72709\/revisions\/72714"}],"wp:featuredmedia":[{"embeddable":true,"href":"https:\/\/quepocamadre.com\/index.php?rest_route=\/wp\/v2\/media\/72713"}],"wp:attachment":[{"href":"https:\/\/quepocamadre.com\/index.php?rest_route=%2Fwp%2Fv2%2Fmedia&parent=72709"}],"wp:term":[{"taxonomy":"category","embeddable":true,"href":"https:\/\/quepocamadre.com\/index.php?rest_route=%2Fwp%2Fv2%2Fcategories&post=72709"},{"taxonomy":"post_tag","embeddable":true,"href":"https:\/\/quepocamadre.com\/index.php?rest_route=%2Fwp%2Fv2%2Ftags&post=72709"}],"curies":[{"name":"wp","href":"https:\/\/api.w.org\/{rel}","templated":true}]}}