{"id":72703,"date":"2026-09-03T07:44:10","date_gmt":"2026-09-03T13:44:10","guid":{"rendered":"https:\/\/quepocamadre.com\/?p=72703"},"modified":"2026-09-03T07:44:10","modified_gmt":"2026-09-03T13:44:10","slug":"la-muerte-volvio-al-mismo-camino-asesinan-a-joven-a-balazos-en-villa-albertina","status":"publish","type":"post","link":"https:\/\/quepocamadre.com\/?p=72703","title":{"rendered":"\u00a1LA MUERTE VOLVI\u00d3 AL MISMO CAMINO! ASESINAN A JOVEN A BALAZOS EN VILLA ALBERTINA"},"content":{"rendered":"<p>El cuerpo sin vida de una joven de entre 20 y 25 a\u00f1os fue localizado la ma\u00f1ana de este martes en un camino de terracer\u00eda de la colonia Villa Albertina, al sur de Puebla. De acuerdo con los primeros reportes, la mujer fue atacada a balazos en el mismo sitio donde fue encontrada.<\/p>\n<p>Vecinos alertaron a los servicios de emergencia tras observar a la v\u00edctima tendida sobre la v\u00eda p\u00fablica en el cruce de 145 Poniente y Privada Esperanza. Param\u00e9dicos confirmaron que ya no contaba con signos vitales; la joven vest\u00eda sudadera morada y pants azul. En el lugar fueron localizados cuatro casquillos percutidos calibre .9 mil\u00edmetros, mientras autoridades mantienen la investigaci\u00f3n para identificar a la v\u00edctima y esclarecer el crimen.<\/p>\n","protected":false},"excerpt":{"rendered":"<p>El cuerpo sin vida de una joven de entre 20 y 25 a\u00f1os fue localizado la ma\u00f1ana de este martes en un camino de terracer\u00eda de la colonia Villa Albertina, al sur de Puebla. De acuerdo con los primeros reportes, la mujer fue atacada a balazos en el mismo sitio donde fue encontrada. Vecinos alertaron [&hellip;]<\/p>\n","protected":false},"author":1,"featured_media":72707,"comment_status":"closed","ping_status":"closed","sticky":false,"template":"","format":"standard","meta":{"footnotes":""},"categories":[124,132],"tags":[],"class_list":["post-72703","post","type-post","status-publish","format-standard","has-post-thumbnail","hentry","category-nacional","category-puebla"],"_links":{"self":[{"href":"https:\/\/quepocamadre.com\/index.php?rest_route=\/wp\/v2\/posts\/72703","targetHints":{"allow":["GET"]}}],"collection":[{"href":"https:\/\/quepocamadre.com\/index.php?rest_route=\/wp\/v2\/posts"}],"about":[{"href":"https:\/\/quepocamadre.com\/index.php?rest_route=\/wp\/v2\/types\/post"}],"author":[{"embeddable":true,"href":"https:\/\/quepocamadre.com\/index.php?rest_route=\/wp\/v2\/users\/1"}],"replies":[{"embeddable":true,"href":"https:\/\/quepocamadre.com\/index.php?rest_route=%2Fwp%2Fv2%2Fcomments&post=72703"}],"version-history":[{"count":1,"href":"https:\/\/quepocamadre.com\/index.php?rest_route=\/wp\/v2\/posts\/72703\/revisions"}],"predecessor-version":[{"id":72708,"href":"https:\/\/quepocamadre.com\/index.php?rest_route=\/wp\/v2\/posts\/72703\/revisions\/72708"}],"wp:featuredmedia":[{"embeddable":true,"href":"https:\/\/quepocamadre.com\/index.php?rest_route=\/wp\/v2\/media\/72707"}],"wp:attachment":[{"href":"https:\/\/quepocamadre.com\/index.php?rest_route=%2Fwp%2Fv2%2Fmedia&parent=72703"}],"wp:term":[{"taxonomy":"category","embeddable":true,"href":"https:\/\/quepocamadre.com\/index.php?rest_route=%2Fwp%2Fv2%2Fcategories&post=72703"},{"taxonomy":"post_tag","embeddable":true,"href":"https:\/\/quepocamadre.com\/index.php?rest_route=%2Fwp%2Fv2%2Ftags&post=72703"}],"curies":[{"name":"wp","href":"https:\/\/api.w.org\/{rel}","templated":true}]}}