{"id":72695,"date":"2026-09-02T14:20:44","date_gmt":"2026-09-02T20:20:44","guid":{"rendered":"https:\/\/quepocamadre.com\/?p=72695"},"modified":"2026-09-02T14:20:44","modified_gmt":"2026-09-02T20:20:44","slug":"camaras-los-delataron-caen-dos-en-san-mateo-atenco-con-auto-ligado-a-robos","status":"publish","type":"post","link":"https:\/\/quepocamadre.com\/?p=72695","title":{"rendered":"C\u00c1MARAS LOS DELATARON: CAEN DOS EN SAN MATEO ATENCO CON AUTO LIGADO A ROBOS"},"content":{"rendered":"<p data-start=\"87\" data-end=\"260\">Dos hombres fueron detenidos en <strong data-start=\"119\" data-end=\"139\">San Mateo Atenco<\/strong> luego de que fueran ubicados a bordo de un veh\u00edculo presuntamente relacionado con <strong data-start=\"222\" data-end=\"246\">robos de automotores<\/strong> en la regi\u00f3n.<\/p>\n<p data-start=\"262\" data-end=\"563\">De acuerdo con los reportes, <strong data-start=\"291\" data-end=\"340\">Michel \u201cN\u201d, de 22 a\u00f1os, y Reymundo \u201cN\u201d, de 40<\/strong>, fueron interceptados por elementos de la <strong data-start=\"383\" data-end=\"431\">Secretar\u00eda de Seguridad del Estado de M\u00e9xico<\/strong> en el <strong data-start=\"438\" data-end=\"462\">Barrio La Concepci\u00f3n<\/strong>, despu\u00e9s de que el autom\u00f3vil fuera identificado mediante trabajos de inteligencia y videovigilancia.<\/p>\n<p data-start=\"565\" data-end=\"879\">La investigaci\u00f3n inici\u00f3 tras denuncias por hechos registrados el <strong data-start=\"630\" data-end=\"651\">21 y 23 de agosto<\/strong> en la colonia <strong data-start=\"666\" data-end=\"698\">Buenavista, San Mateo Atenco<\/strong>, y <strong data-start=\"702\" data-end=\"723\">Guadalupe, Toluca<\/strong>. El an\u00e1lisis de c\u00e1maras permiti\u00f3 ubicar la unidad presuntamente utilizada y darle seguimiento a trav\u00e9s de plataformas de vigilancia y <strong data-start=\"858\" data-end=\"878\">Arcos Carreteros<\/strong>.<\/p>\n<p data-start=\"881\" data-end=\"1171\">Tras confirmar los datos del veh\u00edculo, los oficiales aseguraron la unidad y detuvieron a los dos ocupantes por su probable participaci\u00f3n en el delito de <strong data-start=\"1034\" data-end=\"1067\">encubrimiento por receptaci\u00f3n<\/strong>. Ambos fueron puestos a disposici\u00f3n del Ministerio P\u00fablico, donde se determinar\u00e1 su situaci\u00f3n jur\u00eddica.<\/p>\n","protected":false},"excerpt":{"rendered":"<p>Dos hombres fueron detenidos en San Mateo Atenco luego de que fueran ubicados a bordo de un veh\u00edculo presuntamente relacionado con robos de automotores en la regi\u00f3n. De acuerdo con los reportes, Michel \u201cN\u201d, de 22 a\u00f1os, y Reymundo \u201cN\u201d, de 40, fueron interceptados por elementos de la Secretar\u00eda de Seguridad del Estado de M\u00e9xico [&hellip;]<\/p>\n","protected":false},"author":12,"featured_media":72696,"comment_status":"closed","ping_status":"closed","sticky":false,"template":"","format":"standard","meta":{"footnotes":""},"categories":[102,109],"tags":[],"class_list":["post-72695","post","type-post","status-publish","format-standard","has-post-thumbnail","hentry","category-edomex","category-san-mateo-atenco"],"_links":{"self":[{"href":"https:\/\/quepocamadre.com\/index.php?rest_route=\/wp\/v2\/posts\/72695","targetHints":{"allow":["GET"]}}],"collection":[{"href":"https:\/\/quepocamadre.com\/index.php?rest_route=\/wp\/v2\/posts"}],"about":[{"href":"https:\/\/quepocamadre.com\/index.php?rest_route=\/wp\/v2\/types\/post"}],"author":[{"embeddable":true,"href":"https:\/\/quepocamadre.com\/index.php?rest_route=\/wp\/v2\/users\/12"}],"replies":[{"embeddable":true,"href":"https:\/\/quepocamadre.com\/index.php?rest_route=%2Fwp%2Fv2%2Fcomments&post=72695"}],"version-history":[{"count":1,"href":"https:\/\/quepocamadre.com\/index.php?rest_route=\/wp\/v2\/posts\/72695\/revisions"}],"predecessor-version":[{"id":72697,"href":"https:\/\/quepocamadre.com\/index.php?rest_route=\/wp\/v2\/posts\/72695\/revisions\/72697"}],"wp:featuredmedia":[{"embeddable":true,"href":"https:\/\/quepocamadre.com\/index.php?rest_route=\/wp\/v2\/media\/72696"}],"wp:attachment":[{"href":"https:\/\/quepocamadre.com\/index.php?rest_route=%2Fwp%2Fv2%2Fmedia&parent=72695"}],"wp:term":[{"taxonomy":"category","embeddable":true,"href":"https:\/\/quepocamadre.com\/index.php?rest_route=%2Fwp%2Fv2%2Fcategories&post=72695"},{"taxonomy":"post_tag","embeddable":true,"href":"https:\/\/quepocamadre.com\/index.php?rest_route=%2Fwp%2Fv2%2Ftags&post=72695"}],"curies":[{"name":"wp","href":"https:\/\/api.w.org\/{rel}","templated":true}]}}