{"id":72675,"date":"2026-09-02T07:44:25","date_gmt":"2026-09-02T13:44:25","guid":{"rendered":"https:\/\/quepocamadre.com\/?p=72675"},"modified":"2026-09-02T07:44:25","modified_gmt":"2026-09-02T13:44:25","slug":"tiembla-adan-augusto-estados-unidos-lo-investiga-pidiendo-a-francia-informes-sobre-su-patrimonio","status":"publish","type":"post","link":"https:\/\/quepocamadre.com\/?p=72675","title":{"rendered":"\u00a1Tiembla Ad\u00e1n Augusto! Estados Unidos lo investiga pidiendo a Francia informes sobre su patrimonio"},"content":{"rendered":"<p>El nombre de Ad\u00e1n Augusto L\u00f3pez Hern\u00e1ndez vuelve a quedar bajo los reflectores. El senador de Morena habr\u00eda sido relacionado con una presunta investigaci\u00f3n de autoridades de Estados Unidos por posibles operaciones financieras irregulares, mientras que el gobierno de ese pa\u00eds habr\u00eda solicitado a Francia informaci\u00f3n sobre su patrimonio y movimientos financieros en Europa.<\/p>\n<p>La versi\u00f3n fue difundida por la periodista Mar\u00eda Idalia G\u00f3mez, quien asegur\u00f3 haber tenido acceso a expedientes de una corte estadounidense. Seg\u00fan su reporte, autoridades de ese pa\u00eds incluso habr\u00edan retenido bienes relacionados con el exsecretario de Gobernaci\u00f3n como parte de las indagatorias.<\/p>\n<p>Las investigaciones, de acuerdo con estas versiones, contemplar\u00edan el an\u00e1lisis de llamadas, mensajes y movimientos financieros presuntamente relacionados con huachicol fiscal, empresas factureras, posibles actos de corrupci\u00f3n y eventuales v\u00ednculos con grupos delictivos.<\/p>\n<p>El caso tambi\u00e9n alcanzar\u00eda al entorno familiar del senador. De acuerdo con los reportes difundidos, Rutilio Escand\u00f3n Cadenas, cu\u00f1ado de Ad\u00e1n Augusto y actual c\u00f3nsul de M\u00e9xico en Miami, habr\u00eda mantenido por separado acercamientos con autoridades estadounidenses.<\/p>\n<p>El antecedente del caso se remonta a octubre de 2025, cuando consejeros ciudadanos del Sistema Nacional Anticorrupci\u00f3n solicitaron a la Fiscal\u00eda General de la Rep\u00fablica y a la Unidad de Inteligencia Financiera revisar la evoluci\u00f3n patrimonial y operaciones financieras del senador, ante posibles inconsistencias.<\/p>\n<p>Apenas unas semanas atr\u00e1s, Ignacio Mier, coordinador de Morena en el Senado y presidente de la Jucopo, asegur\u00f3 desconocer cualquier eventual retiro de visa al legislador tabasque\u00f1o y afirm\u00f3 que nadie les hab\u00eda notificado sobre una medida de ese tipo.<\/p>\n<p>Por ahora, el esc\u00e1ndalo se mantiene en el terreno de las versiones period\u00edsticas y presuntas indagatorias. No existe, hasta el momento, una acusaci\u00f3n penal formal que determine responsabilidad de Ad\u00e1n Augusto L\u00f3pez, por lo que cualquier se\u00f1alamiento deber\u00e1 ser confirmado por las autoridades estadounidenses.<\/p>\n","protected":false},"excerpt":{"rendered":"<p>El nombre de Ad\u00e1n Augusto L\u00f3pez Hern\u00e1ndez vuelve a quedar bajo los reflectores. El senador de Morena habr\u00eda sido relacionado con una presunta investigaci\u00f3n de autoridades de Estados Unidos por posibles operaciones financieras irregulares, mientras que el gobierno de ese pa\u00eds habr\u00eda solicitado a Francia informaci\u00f3n sobre su patrimonio y movimientos financieros en Europa. La [&hellip;]<\/p>\n","protected":false},"author":1,"featured_media":72679,"comment_status":"closed","ping_status":"closed","sticky":false,"template":"","format":"standard","meta":{"footnotes":""},"categories":[124],"tags":[],"class_list":["post-72675","post","type-post","status-publish","format-standard","has-post-thumbnail","hentry","category-nacional"],"_links":{"self":[{"href":"https:\/\/quepocamadre.com\/index.php?rest_route=\/wp\/v2\/posts\/72675","targetHints":{"allow":["GET"]}}],"collection":[{"href":"https:\/\/quepocamadre.com\/index.php?rest_route=\/wp\/v2\/posts"}],"about":[{"href":"https:\/\/quepocamadre.com\/index.php?rest_route=\/wp\/v2\/types\/post"}],"author":[{"embeddable":true,"href":"https:\/\/quepocamadre.com\/index.php?rest_route=\/wp\/v2\/users\/1"}],"replies":[{"embeddable":true,"href":"https:\/\/quepocamadre.com\/index.php?rest_route=%2Fwp%2Fv2%2Fcomments&post=72675"}],"version-history":[{"count":1,"href":"https:\/\/quepocamadre.com\/index.php?rest_route=\/wp\/v2\/posts\/72675\/revisions"}],"predecessor-version":[{"id":72680,"href":"https:\/\/quepocamadre.com\/index.php?rest_route=\/wp\/v2\/posts\/72675\/revisions\/72680"}],"wp:featuredmedia":[{"embeddable":true,"href":"https:\/\/quepocamadre.com\/index.php?rest_route=\/wp\/v2\/media\/72679"}],"wp:attachment":[{"href":"https:\/\/quepocamadre.com\/index.php?rest_route=%2Fwp%2Fv2%2Fmedia&parent=72675"}],"wp:term":[{"taxonomy":"category","embeddable":true,"href":"https:\/\/quepocamadre.com\/index.php?rest_route=%2Fwp%2Fv2%2Fcategories&post=72675"},{"taxonomy":"post_tag","embeddable":true,"href":"https:\/\/quepocamadre.com\/index.php?rest_route=%2Fwp%2Fv2%2Ftags&post=72675"}],"curies":[{"name":"wp","href":"https:\/\/api.w.org\/{rel}","templated":true}]}}