{"id":72672,"date":"2026-09-02T07:43:51","date_gmt":"2026-09-02T13:43:51","guid":{"rendered":"https:\/\/quepocamadre.com\/?p=72672"},"modified":"2026-09-02T07:43:51","modified_gmt":"2026-09-02T13:43:51","slug":"se-cae-el-bombazo-erick-lira-no-llega-al-monaco-y-se-queda-en-cruz-azul","status":"publish","type":"post","link":"https:\/\/quepocamadre.com\/?p=72672","title":{"rendered":"\u00a1Se cae el bombazo! Erick Lira no llega al M\u00f3naco y se queda en Cruz Azul"},"content":{"rendered":"<p>El fichaje del mediocampista mexicano Erik Lira al AS Monaco FC se cay\u00f3 en las \u00faltimas horas del mercado de transferencias, por lo que el jugador continuar\u00e1 defendiendo los colores de Cruz Azul.<\/p>\n<p>De acuerdo con reportes, las negociaciones estaban pr\u00e1cticamente cerradas e incluso el futbolista ya habr\u00eda realizado los ex\u00e1menes m\u00e9dicos correspondientes; sin embargo, el conjunto franc\u00e9s no logr\u00f3 liberar a tiempo una plaza de jugador extranjero necesaria para registrar al mexicano ante la Ligue 1.<\/p>\n<p>Lira, de 26 a\u00f1os, ven\u00eda de una destacada participaci\u00f3n con la Selecci\u00f3n Mexicana de F\u00fatbol durante el Mundial 2026, actuaci\u00f3n que despert\u00f3 el inter\u00e9s de clubes internacionales. Seg\u00fan reportes, el mediocampista incluso rechaz\u00f3 una propuesta del f\u00fatbol de Emiratos \u00c1rabes Unidos con la intenci\u00f3n de cumplir su objetivo de jugar en Europa.<\/p>\n<p>El seleccionado mexicano deber\u00e1 esperar una nueva oportunidad para dar el salto al f\u00fatbol europeo, mientras regresa a la Liga MX como una de las piezas importantes del proyecto celeste.<\/p>\n","protected":false},"excerpt":{"rendered":"<p>El fichaje del mediocampista mexicano Erik Lira al AS Monaco FC se cay\u00f3 en las \u00faltimas horas del mercado de transferencias, por lo que el jugador continuar\u00e1 defendiendo los colores de Cruz Azul. De acuerdo con reportes, las negociaciones estaban pr\u00e1cticamente cerradas e incluso el futbolista ya habr\u00eda realizado los ex\u00e1menes m\u00e9dicos correspondientes; sin embargo, [&hellip;]<\/p>\n","protected":false},"author":1,"featured_media":72676,"comment_status":"closed","ping_status":"closed","sticky":false,"template":"","format":"standard","meta":{"footnotes":""},"categories":[124],"tags":[],"class_list":["post-72672","post","type-post","status-publish","format-standard","has-post-thumbnail","hentry","category-nacional"],"_links":{"self":[{"href":"https:\/\/quepocamadre.com\/index.php?rest_route=\/wp\/v2\/posts\/72672","targetHints":{"allow":["GET"]}}],"collection":[{"href":"https:\/\/quepocamadre.com\/index.php?rest_route=\/wp\/v2\/posts"}],"about":[{"href":"https:\/\/quepocamadre.com\/index.php?rest_route=\/wp\/v2\/types\/post"}],"author":[{"embeddable":true,"href":"https:\/\/quepocamadre.com\/index.php?rest_route=\/wp\/v2\/users\/1"}],"replies":[{"embeddable":true,"href":"https:\/\/quepocamadre.com\/index.php?rest_route=%2Fwp%2Fv2%2Fcomments&post=72672"}],"version-history":[{"count":1,"href":"https:\/\/quepocamadre.com\/index.php?rest_route=\/wp\/v2\/posts\/72672\/revisions"}],"predecessor-version":[{"id":72677,"href":"https:\/\/quepocamadre.com\/index.php?rest_route=\/wp\/v2\/posts\/72672\/revisions\/72677"}],"wp:featuredmedia":[{"embeddable":true,"href":"https:\/\/quepocamadre.com\/index.php?rest_route=\/wp\/v2\/media\/72676"}],"wp:attachment":[{"href":"https:\/\/quepocamadre.com\/index.php?rest_route=%2Fwp%2Fv2%2Fmedia&parent=72672"}],"wp:term":[{"taxonomy":"category","embeddable":true,"href":"https:\/\/quepocamadre.com\/index.php?rest_route=%2Fwp%2Fv2%2Fcategories&post=72672"},{"taxonomy":"post_tag","embeddable":true,"href":"https:\/\/quepocamadre.com\/index.php?rest_route=%2Fwp%2Fv2%2Ftags&post=72672"}],"curies":[{"name":"wp","href":"https:\/\/api.w.org\/{rel}","templated":true}]}}