{"id":72659,"date":"2026-09-02T07:40:31","date_gmt":"2026-09-02T13:40:31","guid":{"rendered":"https:\/\/quepocamadre.com\/?p=72659"},"modified":"2026-09-02T07:40:31","modified_gmt":"2026-09-02T13:40:31","slug":"plomo-y-fuego-en-culiacan-armados-rafaguean-y-queman-restaurante-de-sushi","status":"publish","type":"post","link":"https:\/\/quepocamadre.com\/?p=72659","title":{"rendered":"\u00a1PLOMO Y FUEGO EN CULIAC\u00c1N! ARMADOS RAFAGUEAN Y QUEMAN RESTAURANTE DE SUSHI"},"content":{"rendered":"<p>Un restaurante de sushi de la colonia L\u00e1zaro C\u00e1rdenas, en Culiac\u00e1n, fue atacado por un grupo armado que posteriormente provoc\u00f3 un incendio en el establecimiento.<\/p>\n<p>Los hechos ocurrieron alrededor de las 3:30 de la tarde, en el cruce de Gardenia y avenida 15 de Septiembre. De acuerdo con los primeros reportes, los agresores llegaron en un autom\u00f3vil y obligaron a los dos empleados a salir del inmueble.<\/p>\n<p>Una vez afuera, los sujetos habr\u00edan incendiado el restaurante y posteriormente dispararon en repetidas ocasiones con armas largas contra el negocio.<\/p>\n<p>Aunque el ataque provoc\u00f3 momentos de terror entre los vecinos, no se reportaron personas lesionadas. El establecimiento termin\u00f3 con da\u00f1os por el fuego y los impactos de bala.<\/p>\n","protected":false},"excerpt":{"rendered":"<p>Un restaurante de sushi de la colonia L\u00e1zaro C\u00e1rdenas, en Culiac\u00e1n, fue atacado por un grupo armado que posteriormente provoc\u00f3 un incendio en el establecimiento. Los hechos ocurrieron alrededor de las 3:30 de la tarde, en el cruce de Gardenia y avenida 15 de Septiembre. De acuerdo con los primeros reportes, los agresores llegaron en [&hellip;]<\/p>\n","protected":false},"author":1,"featured_media":72663,"comment_status":"closed","ping_status":"closed","sticky":false,"template":"","format":"standard","meta":{"footnotes":""},"categories":[124,163],"tags":[],"class_list":["post-72659","post","type-post","status-publish","format-standard","has-post-thumbnail","hentry","category-nacional","category-sinaloa"],"_links":{"self":[{"href":"https:\/\/quepocamadre.com\/index.php?rest_route=\/wp\/v2\/posts\/72659","targetHints":{"allow":["GET"]}}],"collection":[{"href":"https:\/\/quepocamadre.com\/index.php?rest_route=\/wp\/v2\/posts"}],"about":[{"href":"https:\/\/quepocamadre.com\/index.php?rest_route=\/wp\/v2\/types\/post"}],"author":[{"embeddable":true,"href":"https:\/\/quepocamadre.com\/index.php?rest_route=\/wp\/v2\/users\/1"}],"replies":[{"embeddable":true,"href":"https:\/\/quepocamadre.com\/index.php?rest_route=%2Fwp%2Fv2%2Fcomments&post=72659"}],"version-history":[{"count":1,"href":"https:\/\/quepocamadre.com\/index.php?rest_route=\/wp\/v2\/posts\/72659\/revisions"}],"predecessor-version":[{"id":72664,"href":"https:\/\/quepocamadre.com\/index.php?rest_route=\/wp\/v2\/posts\/72659\/revisions\/72664"}],"wp:featuredmedia":[{"embeddable":true,"href":"https:\/\/quepocamadre.com\/index.php?rest_route=\/wp\/v2\/media\/72663"}],"wp:attachment":[{"href":"https:\/\/quepocamadre.com\/index.php?rest_route=%2Fwp%2Fv2%2Fmedia&parent=72659"}],"wp:term":[{"taxonomy":"category","embeddable":true,"href":"https:\/\/quepocamadre.com\/index.php?rest_route=%2Fwp%2Fv2%2Fcategories&post=72659"},{"taxonomy":"post_tag","embeddable":true,"href":"https:\/\/quepocamadre.com\/index.php?rest_route=%2Fwp%2Fv2%2Ftags&post=72659"}],"curies":[{"name":"wp","href":"https:\/\/api.w.org\/{rel}","templated":true}]}}