{"id":72656,"date":"2026-09-02T07:39:46","date_gmt":"2026-09-02T13:39:46","guid":{"rendered":"https:\/\/quepocamadre.com\/?p=72656"},"modified":"2026-09-02T07:39:46","modified_gmt":"2026-09-02T13:39:46","slug":"machete-en-mano-y-a-robar-empleados-se-defienden-de-la-presunta-asaltante","status":"publish","type":"post","link":"https:\/\/quepocamadre.com\/?p=72656","title":{"rendered":"\u00a1MACHETE EN MANO Y A ROBAR! EMPLEADOS SE DEFIENDEN DE LA PRESUNTA ASALTANTE"},"content":{"rendered":"<p>Una mujer habr\u00eda intentado cometer un asalto en un establecimiento de la colonia Centro, en Veracruz, donde presuntamente amenaz\u00f3 con un arma blanca a clientes y trabajadores.<\/p>\n<p>De acuerdo con los primeros reportes, la mujer ingres\u00f3 al negocio ubicado sobre la avenida Prolongaci\u00f3n Salvador D\u00edaz Mir\u00f3n y comenz\u00f3 a amedrentar a quienes se encontraban en el lugar mientras intentaba apoderarse de diversos art\u00edculos.<\/p>\n<p>Pero los empleados no se quedaron de brazos cruzados. Al percatarse del peligro, tomaron escobas y canastos para enfrentar a la presunta agresora y evitar que escapara.<\/p>\n<p>Testigos relataron que la mujer incluso habr\u00eda perseguido con el machete a algunas personas dentro del establecimiento, provocando momentos de verdadero terror. Hasta el momento no se ha dado a conocer la identidad de la mujer ni su situaci\u00f3n legal.<\/p>\n","protected":false},"excerpt":{"rendered":"<p>Una mujer habr\u00eda intentado cometer un asalto en un establecimiento de la colonia Centro, en Veracruz, donde presuntamente amenaz\u00f3 con un arma blanca a clientes y trabajadores. De acuerdo con los primeros reportes, la mujer ingres\u00f3 al negocio ubicado sobre la avenida Prolongaci\u00f3n Salvador D\u00edaz Mir\u00f3n y comenz\u00f3 a amedrentar a quienes se encontraban en [&hellip;]<\/p>\n","protected":false},"author":1,"featured_media":72660,"comment_status":"closed","ping_status":"closed","sticky":false,"template":"","format":"standard","meta":{"footnotes":""},"categories":[124,131],"tags":[],"class_list":["post-72656","post","type-post","status-publish","format-standard","has-post-thumbnail","hentry","category-nacional","category-veracruz"],"_links":{"self":[{"href":"https:\/\/quepocamadre.com\/index.php?rest_route=\/wp\/v2\/posts\/72656","targetHints":{"allow":["GET"]}}],"collection":[{"href":"https:\/\/quepocamadre.com\/index.php?rest_route=\/wp\/v2\/posts"}],"about":[{"href":"https:\/\/quepocamadre.com\/index.php?rest_route=\/wp\/v2\/types\/post"}],"author":[{"embeddable":true,"href":"https:\/\/quepocamadre.com\/index.php?rest_route=\/wp\/v2\/users\/1"}],"replies":[{"embeddable":true,"href":"https:\/\/quepocamadre.com\/index.php?rest_route=%2Fwp%2Fv2%2Fcomments&post=72656"}],"version-history":[{"count":1,"href":"https:\/\/quepocamadre.com\/index.php?rest_route=\/wp\/v2\/posts\/72656\/revisions"}],"predecessor-version":[{"id":72661,"href":"https:\/\/quepocamadre.com\/index.php?rest_route=\/wp\/v2\/posts\/72656\/revisions\/72661"}],"wp:featuredmedia":[{"embeddable":true,"href":"https:\/\/quepocamadre.com\/index.php?rest_route=\/wp\/v2\/media\/72660"}],"wp:attachment":[{"href":"https:\/\/quepocamadre.com\/index.php?rest_route=%2Fwp%2Fv2%2Fmedia&parent=72656"}],"wp:term":[{"taxonomy":"category","embeddable":true,"href":"https:\/\/quepocamadre.com\/index.php?rest_route=%2Fwp%2Fv2%2Fcategories&post=72656"},{"taxonomy":"post_tag","embeddable":true,"href":"https:\/\/quepocamadre.com\/index.php?rest_route=%2Fwp%2Fv2%2Ftags&post=72656"}],"curies":[{"name":"wp","href":"https:\/\/api.w.org\/{rel}","templated":true}]}}