{"id":72650,"date":"2026-09-02T07:38:37","date_gmt":"2026-09-02T13:38:37","guid":{"rendered":"https:\/\/quepocamadre.com\/?p=72650"},"modified":"2026-09-02T07:38:37","modified_gmt":"2026-09-02T13:38:37","slug":"muerte-bajo-el-anden-hombre-termina-sin-vida-en-avenida-universidad","status":"publish","type":"post","link":"https:\/\/quepocamadre.com\/?p=72650","title":{"rendered":"\u00a1MUERTE BAJO EL AND\u00c9N! HOMBRE TERMINA SIN VIDA EN AVENIDA UNIVERSIDAD"},"content":{"rendered":"<p>Un hombre fue encontrado sin vida sobre la avenida Universidad, cerca de la estaci\u00f3n San Nicol\u00e1s, lo que provoc\u00f3 una fuerte movilizaci\u00f3n policiaca y de cuerpos de emergencia.<\/p>\n<p>De acuerdo con los primeros reportes, el hombre, quien vest\u00eda pantal\u00f3n de mezclilla, tenis negros y playera roja, presuntamente habr\u00eda ca\u00eddo desde el and\u00e9n de la estaci\u00f3n.<\/p>\n<p>Param\u00e9dicos confirmaron que la v\u00edctima ya no contaba con signos vitales. La zona fue acordonada mientras agentes ministeriales realizaban las primeras investigaciones.<\/p>\n<p>El hecho ocurri\u00f3 durante una hora de alta afluencia y provoc\u00f3 un fuerte congestionamiento, debido al cierre de dos carriles en direcci\u00f3n sur-norte de la avenida Universidad.<\/p>\n","protected":false},"excerpt":{"rendered":"<p>Un hombre fue encontrado sin vida sobre la avenida Universidad, cerca de la estaci\u00f3n San Nicol\u00e1s, lo que provoc\u00f3 una fuerte movilizaci\u00f3n policiaca y de cuerpos de emergencia. De acuerdo con los primeros reportes, el hombre, quien vest\u00eda pantal\u00f3n de mezclilla, tenis negros y playera roja, presuntamente habr\u00eda ca\u00eddo desde el and\u00e9n de la estaci\u00f3n. [&hellip;]<\/p>\n","protected":false},"author":1,"featured_media":72654,"comment_status":"closed","ping_status":"closed","sticky":false,"template":"","format":"standard","meta":{"footnotes":""},"categories":[124,169],"tags":[],"class_list":["post-72650","post","type-post","status-publish","format-standard","has-post-thumbnail","hentry","category-nacional","category-nuevo-leon"],"_links":{"self":[{"href":"https:\/\/quepocamadre.com\/index.php?rest_route=\/wp\/v2\/posts\/72650","targetHints":{"allow":["GET"]}}],"collection":[{"href":"https:\/\/quepocamadre.com\/index.php?rest_route=\/wp\/v2\/posts"}],"about":[{"href":"https:\/\/quepocamadre.com\/index.php?rest_route=\/wp\/v2\/types\/post"}],"author":[{"embeddable":true,"href":"https:\/\/quepocamadre.com\/index.php?rest_route=\/wp\/v2\/users\/1"}],"replies":[{"embeddable":true,"href":"https:\/\/quepocamadre.com\/index.php?rest_route=%2Fwp%2Fv2%2Fcomments&post=72650"}],"version-history":[{"count":1,"href":"https:\/\/quepocamadre.com\/index.php?rest_route=\/wp\/v2\/posts\/72650\/revisions"}],"predecessor-version":[{"id":72655,"href":"https:\/\/quepocamadre.com\/index.php?rest_route=\/wp\/v2\/posts\/72650\/revisions\/72655"}],"wp:featuredmedia":[{"embeddable":true,"href":"https:\/\/quepocamadre.com\/index.php?rest_route=\/wp\/v2\/media\/72654"}],"wp:attachment":[{"href":"https:\/\/quepocamadre.com\/index.php?rest_route=%2Fwp%2Fv2%2Fmedia&parent=72650"}],"wp:term":[{"taxonomy":"category","embeddable":true,"href":"https:\/\/quepocamadre.com\/index.php?rest_route=%2Fwp%2Fv2%2Fcategories&post=72650"},{"taxonomy":"post_tag","embeddable":true,"href":"https:\/\/quepocamadre.com\/index.php?rest_route=%2Fwp%2Fv2%2Ftags&post=72650"}],"curies":[{"name":"wp","href":"https:\/\/api.w.org\/{rel}","templated":true}]}}