{"id":72636,"date":"2026-09-02T07:35:15","date_gmt":"2026-09-02T13:35:15","guid":{"rendered":"https:\/\/quepocamadre.com\/?p=72636"},"modified":"2026-09-02T07:35:15","modified_gmt":"2026-09-02T13:35:15","slug":"que-oso-andaba-suelto-en-la-prepa-recorriendo-el-campus-suspenden-clases-en-monterrey","status":"publish","type":"post","link":"https:\/\/quepocamadre.com\/?p=72636","title":{"rendered":"\u00a1QU\u00c9 OSO! ANDABA SUELTO EN LA PREPA RECORRIENDO EL CAMPUS; SUSPENDEN CLASES EN MONTERREY"},"content":{"rendered":"<p>Un oso negro apareci\u00f3 la ma\u00f1ana de este martes 1 de septiembre en la Preparatoria UERRE, campus Valle Alto, al sur de Monterrey, provocando la suspensi\u00f3n moment\u00e1nea de las clases.<\/p>\n<p>El animal recorri\u00f3 algunos pasillos y \u00e1reas del plantel, mientras estudiantes y maestros se asomaban desde las ventanas para observarlo y grabar al inesperado visitante.<\/p>\n<p>Videos captaron al oso caminando tranquilamente por las instalaciones y, posteriormente, corriendo por el jard\u00edn hasta internarse nuevamente en el cerro.<br \/>\nDe acuerdo con las im\u00e1genes difundidas, el ejemplar no portaba collar ni arete de identificaci\u00f3n. No se reportaron personas lesionadas por este avistamiento.<\/p>\n","protected":false},"excerpt":{"rendered":"<p>Un oso negro apareci\u00f3 la ma\u00f1ana de este martes 1 de septiembre en la Preparatoria UERRE, campus Valle Alto, al sur de Monterrey, provocando la suspensi\u00f3n moment\u00e1nea de las clases. El animal recorri\u00f3 algunos pasillos y \u00e1reas del plantel, mientras estudiantes y maestros se asomaban desde las ventanas para observarlo y grabar al inesperado visitante. [&hellip;]<\/p>\n","protected":false},"author":1,"featured_media":72641,"comment_status":"closed","ping_status":"closed","sticky":false,"template":"","format":"standard","meta":{"footnotes":""},"categories":[124,169],"tags":[],"class_list":["post-72636","post","type-post","status-publish","format-standard","has-post-thumbnail","hentry","category-nacional","category-nuevo-leon"],"_links":{"self":[{"href":"https:\/\/quepocamadre.com\/index.php?rest_route=\/wp\/v2\/posts\/72636","targetHints":{"allow":["GET"]}}],"collection":[{"href":"https:\/\/quepocamadre.com\/index.php?rest_route=\/wp\/v2\/posts"}],"about":[{"href":"https:\/\/quepocamadre.com\/index.php?rest_route=\/wp\/v2\/types\/post"}],"author":[{"embeddable":true,"href":"https:\/\/quepocamadre.com\/index.php?rest_route=\/wp\/v2\/users\/1"}],"replies":[{"embeddable":true,"href":"https:\/\/quepocamadre.com\/index.php?rest_route=%2Fwp%2Fv2%2Fcomments&post=72636"}],"version-history":[{"count":1,"href":"https:\/\/quepocamadre.com\/index.php?rest_route=\/wp\/v2\/posts\/72636\/revisions"}],"predecessor-version":[{"id":72642,"href":"https:\/\/quepocamadre.com\/index.php?rest_route=\/wp\/v2\/posts\/72636\/revisions\/72642"}],"wp:featuredmedia":[{"embeddable":true,"href":"https:\/\/quepocamadre.com\/index.php?rest_route=\/wp\/v2\/media\/72641"}],"wp:attachment":[{"href":"https:\/\/quepocamadre.com\/index.php?rest_route=%2Fwp%2Fv2%2Fmedia&parent=72636"}],"wp:term":[{"taxonomy":"category","embeddable":true,"href":"https:\/\/quepocamadre.com\/index.php?rest_route=%2Fwp%2Fv2%2Fcategories&post=72636"},{"taxonomy":"post_tag","embeddable":true,"href":"https:\/\/quepocamadre.com\/index.php?rest_route=%2Fwp%2Fv2%2Ftags&post=72636"}],"curies":[{"name":"wp","href":"https:\/\/api.w.org\/{rel}","templated":true}]}}