{"id":72626,"date":"2026-09-01T10:50:09","date_gmt":"2026-09-01T16:50:09","guid":{"rendered":"https:\/\/quepocamadre.com\/?p=72626"},"modified":"2026-09-01T10:50:09","modified_gmt":"2026-09-01T16:50:09","slug":"lo-encontraron-sin-vida-entre-el-bosque-de-ocoyoacac-tenia-heridas-de-bala","status":"publish","type":"post","link":"https:\/\/quepocamadre.com\/?p=72626","title":{"rendered":"LO ENCONTRARON SIN VIDA ENTRE EL BOSQUE DE OCOYOACAC\u2026 TEN\u00cdA HERIDAS DE BALA"},"content":{"rendered":"<div class=\"\" data-turn-id-container=\"fee181c5-6416-4a0c-a13e-221f4f63323f\" data-is-intersecting=\"true\">La tranquilidad de una zona boscosa de #Ocoyoacac se vio interrumpida tras el hallazgo de un hombre sin vida junto a la carretera que conecta con San Isidro Tehuantepec. La v\u00edctima, de aproximadamente 35 a\u00f1os, permanec\u00eda sin identificar al momento del reporte.<\/div>\n<div class=\"\" data-turn-id-container=\"request-69e69e47-2114-83e8-828e-f2f6cf1e01bb-2\" data-is-intersecting=\"true\">\n<section class=\"text-token-text-primary w-full focus:outline-none has-data-writing-block:pointer-events-none [&amp;:has([data-writing-block])&gt;*]:pointer-events-auto R6Vx5W_threadScrollVars scroll-mb-[calc(var(--scroll-root-safe-area-inset-bottom,0px)+var(--thread-response-height))] scroll-mt-[calc(var(--header-height)+min(200px,max(70px,20svh)))]\" dir=\"auto\" data-turn-id=\"request-69e69e47-2114-83e8-828e-f2f6cf1e01bb-2\" data-turn-id-container=\"request-69e69e47-2114-83e8-828e-f2f6cf1e01bb-2\" data-testid=\"conversation-turn-12\" data-turn=\"assistant\">\n<div class=\"text-base my-auto mx-auto pb-8 [--thread-content-margin:var(--thread-content-margin-xs,calc(var(--spacing)*4))] @w-sm\/main:[--thread-content-margin:var(--thread-content-margin-sm,calc(var(--spacing)*6))] @w-lg\/main:[--thread-content-margin:var(--thread-content-margin-lg,calc(var(--spacing)*16))] px-(--thread-content-margin)\">\n<div class=\"[--thread-content-max-width:40rem] @w-lg\/main:[--thread-content-max-width:48rem] mx-auto max-w-(--thread-content-max-width) flex-1 group\/turn-messages focus-visible:outline-hidden relative flex w-full min-w-0 flex-col agent-turn\" data-conversation-screenshot-content=\"\">\n<div class=\"flex max-w-full flex-col gap-4 grow\">\n<div class=\"min-h-8 text-message relative flex w-full flex-col items-end gap-2 text-start break-words whitespace-normal outline-none keyboard-focused:focus-ring [.text-message+&amp;]:mt-1\" dir=\"auto\" tabindex=\"0\" data-message-author-role=\"assistant\" data-message-id=\"f15f9402-f4ba-407d-be9c-dfae1e6ac357\" data-message-model-slug=\"gpt-5-5-mini\" data-turn-start-message=\"true\">\n<div class=\"flex w-full flex-col gap-1 empty:hidden\">\n<div class=\"fbskMG_root markdown prose dark:prose-invert wrap-break-word w-full light markdown-new-styling\">\n<p data-start=\"357\" data-end=\"587\">De acuerdo con los primeros informes, el hombre presentaba heridas provocadas por disparos de arma de fuego. Param\u00e9dicos acudieron al lugar tras la alerta, pero \u00fanicamente pudieron confirmar que ya no contaba con signos vitales.<\/p>\n<p data-start=\"589\" data-end=\"1002\">Personal de la Fiscal\u00eda General de Justicia del Estado de M\u00e9xico realiz\u00f3 las diligencias correspondientes, levant\u00f3 el cuerpo e inici\u00f3 una carpeta de investigaci\u00f3n para esclarecer el crimen y determinar el m\u00f3vil. El hecho ocurre d\u00edas despu\u00e9s del caso de Dianna, joven localizada sin vida en la misma demarcaci\u00f3n, situaci\u00f3n que mantiene la atenci\u00f3n sobre los hechos violentos registrados recientemente en la zona.<\/p>\n<\/div>\n<\/div>\n<\/div>\n<\/div>\n<\/div>\n<\/div>\n<\/section>\n<\/div>\n","protected":false},"excerpt":{"rendered":"<p>La tranquilidad de una zona boscosa de #Ocoyoacac se vio interrumpida tras el hallazgo de un hombre sin vida junto a la carretera que conecta con San Isidro Tehuantepec. La v\u00edctima, de aproximadamente 35 a\u00f1os, permanec\u00eda sin identificar al momento del reporte. De acuerdo con los primeros informes, el hombre presentaba heridas provocadas por disparos [&hellip;]<\/p>\n","protected":false},"author":12,"featured_media":72627,"comment_status":"closed","ping_status":"closed","sticky":false,"template":"","format":"standard","meta":{"footnotes":""},"categories":[102,117],"tags":[],"class_list":["post-72626","post","type-post","status-publish","format-standard","has-post-thumbnail","hentry","category-edomex","category-ocoyoacac"],"_links":{"self":[{"href":"https:\/\/quepocamadre.com\/index.php?rest_route=\/wp\/v2\/posts\/72626","targetHints":{"allow":["GET"]}}],"collection":[{"href":"https:\/\/quepocamadre.com\/index.php?rest_route=\/wp\/v2\/posts"}],"about":[{"href":"https:\/\/quepocamadre.com\/index.php?rest_route=\/wp\/v2\/types\/post"}],"author":[{"embeddable":true,"href":"https:\/\/quepocamadre.com\/index.php?rest_route=\/wp\/v2\/users\/12"}],"replies":[{"embeddable":true,"href":"https:\/\/quepocamadre.com\/index.php?rest_route=%2Fwp%2Fv2%2Fcomments&post=72626"}],"version-history":[{"count":1,"href":"https:\/\/quepocamadre.com\/index.php?rest_route=\/wp\/v2\/posts\/72626\/revisions"}],"predecessor-version":[{"id":72628,"href":"https:\/\/quepocamadre.com\/index.php?rest_route=\/wp\/v2\/posts\/72626\/revisions\/72628"}],"wp:featuredmedia":[{"embeddable":true,"href":"https:\/\/quepocamadre.com\/index.php?rest_route=\/wp\/v2\/media\/72627"}],"wp:attachment":[{"href":"https:\/\/quepocamadre.com\/index.php?rest_route=%2Fwp%2Fv2%2Fmedia&parent=72626"}],"wp:term":[{"taxonomy":"category","embeddable":true,"href":"https:\/\/quepocamadre.com\/index.php?rest_route=%2Fwp%2Fv2%2Fcategories&post=72626"},{"taxonomy":"post_tag","embeddable":true,"href":"https:\/\/quepocamadre.com\/index.php?rest_route=%2Fwp%2Fv2%2Ftags&post=72626"}],"curies":[{"name":"wp","href":"https:\/\/api.w.org\/{rel}","templated":true}]}}