{"id":72606,"date":"2026-09-01T06:43:23","date_gmt":"2026-09-01T12:43:23","guid":{"rendered":"https:\/\/quepocamadre.com\/?p=72606"},"modified":"2026-09-01T06:43:23","modified_gmt":"2026-09-01T12:43:23","slug":"ninos-con-discapacidad-y-autismo-enfrentan-barreras-para-acceder-a-la-educacion-en-mexico","status":"publish","type":"post","link":"https:\/\/quepocamadre.com\/?p=72606","title":{"rendered":"Ni\u00f1os con discapacidad y autismo enfrentan barreras para acceder a la educaci\u00f3n en M\u00e9xico"},"content":{"rendered":"<p>A pesar de los avances en materia de inclusi\u00f3n, miles de ni\u00f1as, ni\u00f1os y adolescentes con discapacidad, autismo y s\u00edndrome de Down contin\u00faan enfrentando dificultades para acceder a una educaci\u00f3n adecuada en M\u00e9xico, debido a problemas de infraestructura, falta de especialistas y cobertura insuficiente.<\/p>\n<p>Organizaciones civiles y familias han se\u00f1alado que muchos menores quedan fuera de las aulas o reciben una atenci\u00f3n limitada por la falta de espacios disponibles, grupos saturados y la ausencia de personal docente capacitado para atender diferentes condiciones del neurodesarrollo.<\/p>\n<p>El sistema educativo cuenta con modelos como los Centros de Atenci\u00f3n M\u00faltiple, que brindan atenci\u00f3n especializada, y las Unidades de Servicios de Apoyo a la Educaci\u00f3n Regular, que acompa\u00f1an a escuelas convencionales en procesos de inclusi\u00f3n. Sin embargo, familias y especialistas advierten que estos servicios no tienen cobertura suficiente para atender toda la demanda.<\/p>\n<p>Uno de los principales retos es la capacitaci\u00f3n docente. Especialistas se\u00f1alan que muchos maestros requieren m\u00e1s herramientas para trabajar con estudiantes con autismo, discapacidad intelectual o necesidades educativas espec\u00edficas dentro de los grupos regulares.<\/p>\n<p>La inclusi\u00f3n educativa representa uno de los grandes desaf\u00edos del pa\u00eds: garantizar que todos los menores puedan aprender en entornos adecuados, con apoyos suficientes y sin enfrentar barreras por su condici\u00f3n.<\/p>\n","protected":false},"excerpt":{"rendered":"<p>A pesar de los avances en materia de inclusi\u00f3n, miles de ni\u00f1as, ni\u00f1os y adolescentes con discapacidad, autismo y s\u00edndrome de Down contin\u00faan enfrentando dificultades para acceder a una educaci\u00f3n adecuada en M\u00e9xico, debido a problemas de infraestructura, falta de especialistas y cobertura insuficiente. Organizaciones civiles y familias han se\u00f1alado que muchos menores quedan fuera [&hellip;]<\/p>\n","protected":false},"author":1,"featured_media":72610,"comment_status":"closed","ping_status":"closed","sticky":false,"template":"","format":"standard","meta":{"footnotes":""},"categories":[124],"tags":[],"class_list":["post-72606","post","type-post","status-publish","format-standard","has-post-thumbnail","hentry","category-nacional"],"_links":{"self":[{"href":"https:\/\/quepocamadre.com\/index.php?rest_route=\/wp\/v2\/posts\/72606","targetHints":{"allow":["GET"]}}],"collection":[{"href":"https:\/\/quepocamadre.com\/index.php?rest_route=\/wp\/v2\/posts"}],"about":[{"href":"https:\/\/quepocamadre.com\/index.php?rest_route=\/wp\/v2\/types\/post"}],"author":[{"embeddable":true,"href":"https:\/\/quepocamadre.com\/index.php?rest_route=\/wp\/v2\/users\/1"}],"replies":[{"embeddable":true,"href":"https:\/\/quepocamadre.com\/index.php?rest_route=%2Fwp%2Fv2%2Fcomments&post=72606"}],"version-history":[{"count":1,"href":"https:\/\/quepocamadre.com\/index.php?rest_route=\/wp\/v2\/posts\/72606\/revisions"}],"predecessor-version":[{"id":72611,"href":"https:\/\/quepocamadre.com\/index.php?rest_route=\/wp\/v2\/posts\/72606\/revisions\/72611"}],"wp:featuredmedia":[{"embeddable":true,"href":"https:\/\/quepocamadre.com\/index.php?rest_route=\/wp\/v2\/media\/72610"}],"wp:attachment":[{"href":"https:\/\/quepocamadre.com\/index.php?rest_route=%2Fwp%2Fv2%2Fmedia&parent=72606"}],"wp:term":[{"taxonomy":"category","embeddable":true,"href":"https:\/\/quepocamadre.com\/index.php?rest_route=%2Fwp%2Fv2%2Fcategories&post=72606"},{"taxonomy":"post_tag","embeddable":true,"href":"https:\/\/quepocamadre.com\/index.php?rest_route=%2Fwp%2Fv2%2Ftags&post=72606"}],"curies":[{"name":"wp","href":"https:\/\/api.w.org\/{rel}","templated":true}]}}