{"id":72603,"date":"2026-09-01T06:42:59","date_gmt":"2026-09-01T12:42:59","guid":{"rendered":"https:\/\/quepocamadre.com\/?p=72603"},"modified":"2026-09-01T06:42:59","modified_gmt":"2026-09-01T12:42:59","slug":"sheinbaum-da-inicio-al-ciclo-escolar-2026-2027-regresan-a-clases-28-millones-de-estudiantes","status":"publish","type":"post","link":"https:\/\/quepocamadre.com\/?p=72603","title":{"rendered":"Sheinbaum da inicio al ciclo escolar 2026-2027; regresan a clases 28 millones de estudiantes"},"content":{"rendered":"<p>La presidenta Claudia Sheinbaum encabez\u00f3 este lunes el arranque oficial del ciclo escolar 2026-2027, con el regreso a clases de alrededor de 28 millones de estudiantes de educaci\u00f3n b\u00e1sica, media superior y otros niveles educativos en todo M\u00e9xico.<\/p>\n<p>La ceremonia de inicio se realiz\u00f3 en la Escuela Secundaria T\u00e9cnica n\u00famero 10 Artes Gr\u00e1ficas, ubicada en la colonia Doctores de la alcald\u00eda Cuauht\u00e9moc, donde la mandataria dio la bienvenida a ni\u00f1as, ni\u00f1os, adolescentes y j\u00f3venes que retomaron sus actividades acad\u00e9micas.<\/p>\n<p>Durante el acto c\u00edvico, Sheinbaum destac\u00f3 la importancia de fortalecer la educaci\u00f3n y expres\u00f3 un mensaje de bienvenida a los millones de alumnos que regresan a las aulas para continuar su formaci\u00f3n.<\/p>\n<p>Al evento asistieron autoridades educativas y capitalinas, entre ellas Clara Brugada, Mario Delgado, titular de la Secretar\u00eda de Educaci\u00f3n P\u00fablica, y representantes del sector educativo.<\/p>\n<p>La presidenta tambi\u00e9n inform\u00f3 que este martes 1 de septiembre presentar\u00e1 su Segundo Informe de Gobierno, por lo que la conferencia matutina del Ejecutivo Federal ser\u00e1 suspendida y retomar\u00e1 actividades informativas posteriormente.<\/p>\n<p>Con el inicio del nuevo ciclo escolar, autoridades educativas se\u00f1alaron que buscar\u00e1n consolidar espacios de aprendizaje m\u00e1s seguros y fortalecer el bienestar integral de la comunidad estudiantil.<\/p>\n","protected":false},"excerpt":{"rendered":"<p>La presidenta Claudia Sheinbaum encabez\u00f3 este lunes el arranque oficial del ciclo escolar 2026-2027, con el regreso a clases de alrededor de 28 millones de estudiantes de educaci\u00f3n b\u00e1sica, media superior y otros niveles educativos en todo M\u00e9xico. La ceremonia de inicio se realiz\u00f3 en la Escuela Secundaria T\u00e9cnica n\u00famero 10 Artes Gr\u00e1ficas, ubicada en [&hellip;]<\/p>\n","protected":false},"author":1,"featured_media":72607,"comment_status":"closed","ping_status":"closed","sticky":false,"template":"","format":"standard","meta":{"footnotes":""},"categories":[124],"tags":[],"class_list":["post-72603","post","type-post","status-publish","format-standard","has-post-thumbnail","hentry","category-nacional"],"_links":{"self":[{"href":"https:\/\/quepocamadre.com\/index.php?rest_route=\/wp\/v2\/posts\/72603","targetHints":{"allow":["GET"]}}],"collection":[{"href":"https:\/\/quepocamadre.com\/index.php?rest_route=\/wp\/v2\/posts"}],"about":[{"href":"https:\/\/quepocamadre.com\/index.php?rest_route=\/wp\/v2\/types\/post"}],"author":[{"embeddable":true,"href":"https:\/\/quepocamadre.com\/index.php?rest_route=\/wp\/v2\/users\/1"}],"replies":[{"embeddable":true,"href":"https:\/\/quepocamadre.com\/index.php?rest_route=%2Fwp%2Fv2%2Fcomments&post=72603"}],"version-history":[{"count":1,"href":"https:\/\/quepocamadre.com\/index.php?rest_route=\/wp\/v2\/posts\/72603\/revisions"}],"predecessor-version":[{"id":72608,"href":"https:\/\/quepocamadre.com\/index.php?rest_route=\/wp\/v2\/posts\/72603\/revisions\/72608"}],"wp:featuredmedia":[{"embeddable":true,"href":"https:\/\/quepocamadre.com\/index.php?rest_route=\/wp\/v2\/media\/72607"}],"wp:attachment":[{"href":"https:\/\/quepocamadre.com\/index.php?rest_route=%2Fwp%2Fv2%2Fmedia&parent=72603"}],"wp:term":[{"taxonomy":"category","embeddable":true,"href":"https:\/\/quepocamadre.com\/index.php?rest_route=%2Fwp%2Fv2%2Fcategories&post=72603"},{"taxonomy":"post_tag","embeddable":true,"href":"https:\/\/quepocamadre.com\/index.php?rest_route=%2Fwp%2Fv2%2Ftags&post=72603"}],"curies":[{"name":"wp","href":"https:\/\/api.w.org\/{rel}","templated":true}]}}