{"id":72591,"date":"2026-09-01T06:41:03","date_gmt":"2026-09-01T12:41:03","guid":{"rendered":"https:\/\/quepocamadre.com\/?p=72591"},"modified":"2026-09-01T06:41:03","modified_gmt":"2026-09-01T12:41:03","slug":"tragedia-en-tlaquepaque-camion-arrolla-y-mata-a-madre-y-a-su-hijo-de-10-anos","status":"publish","type":"post","link":"https:\/\/quepocamadre.com\/?p=72591","title":{"rendered":"\u00a1TRAGEDIA EN TLAQUEPAQUE! CAMI\u00d3N ARROLLA Y MATA A MADRE Y A SU HIJO DE 10 A\u00d1OS"},"content":{"rendered":"<p>Un ni\u00f1o de apenas 10 a\u00f1os y su madre perdieron la vida tras ser atropellados por un cami\u00f3n de transporte p\u00fablico en la colonia Reforma, en Tlaquepaque, Jalisco.<\/p>\n<p>El menor caminaba con su mam\u00e1, tomados de la mano y con el uniforme de f\u00fatbol, rumbo a su entrenamiento, cuando intentaron cruzar la avenida Ni\u00f1os H\u00e9roes por un paso peatonal.<\/p>\n<p>Testigos se\u00f1alaron que el cami\u00f3n realiz\u00f3 una vuelta y arroll\u00f3 a ambos. Tras el impacto, el conductor presuntamente intent\u00f3 escapar, pero polic\u00edas municipales iniciaron una persecuci\u00f3n y lograron detenerlo dos cuadras adelante.<\/p>\n<p>La Fiscal\u00eda de Jalisco abri\u00f3 una investigaci\u00f3n para esclarecer lo ocurrido y determinar la responsabilidad del conductor detenido.<\/p>\n","protected":false},"excerpt":{"rendered":"<p>Un ni\u00f1o de apenas 10 a\u00f1os y su madre perdieron la vida tras ser atropellados por un cami\u00f3n de transporte p\u00fablico en la colonia Reforma, en Tlaquepaque, Jalisco. El menor caminaba con su mam\u00e1, tomados de la mano y con el uniforme de f\u00fatbol, rumbo a su entrenamiento, cuando intentaron cruzar la avenida Ni\u00f1os H\u00e9roes [&hellip;]<\/p>\n","protected":false},"author":1,"featured_media":72595,"comment_status":"closed","ping_status":"closed","sticky":false,"template":"","format":"standard","meta":{"footnotes":""},"categories":[145,124],"tags":[],"class_list":["post-72591","post","type-post","status-publish","format-standard","has-post-thumbnail","hentry","category-jalisco","category-nacional"],"_links":{"self":[{"href":"https:\/\/quepocamadre.com\/index.php?rest_route=\/wp\/v2\/posts\/72591","targetHints":{"allow":["GET"]}}],"collection":[{"href":"https:\/\/quepocamadre.com\/index.php?rest_route=\/wp\/v2\/posts"}],"about":[{"href":"https:\/\/quepocamadre.com\/index.php?rest_route=\/wp\/v2\/types\/post"}],"author":[{"embeddable":true,"href":"https:\/\/quepocamadre.com\/index.php?rest_route=\/wp\/v2\/users\/1"}],"replies":[{"embeddable":true,"href":"https:\/\/quepocamadre.com\/index.php?rest_route=%2Fwp%2Fv2%2Fcomments&post=72591"}],"version-history":[{"count":1,"href":"https:\/\/quepocamadre.com\/index.php?rest_route=\/wp\/v2\/posts\/72591\/revisions"}],"predecessor-version":[{"id":72596,"href":"https:\/\/quepocamadre.com\/index.php?rest_route=\/wp\/v2\/posts\/72591\/revisions\/72596"}],"wp:featuredmedia":[{"embeddable":true,"href":"https:\/\/quepocamadre.com\/index.php?rest_route=\/wp\/v2\/media\/72595"}],"wp:attachment":[{"href":"https:\/\/quepocamadre.com\/index.php?rest_route=%2Fwp%2Fv2%2Fmedia&parent=72591"}],"wp:term":[{"taxonomy":"category","embeddable":true,"href":"https:\/\/quepocamadre.com\/index.php?rest_route=%2Fwp%2Fv2%2Fcategories&post=72591"},{"taxonomy":"post_tag","embeddable":true,"href":"https:\/\/quepocamadre.com\/index.php?rest_route=%2Fwp%2Fv2%2Ftags&post=72591"}],"curies":[{"name":"wp","href":"https:\/\/api.w.org\/{rel}","templated":true}]}}