{"id":72582,"date":"2026-09-01T06:39:43","date_gmt":"2026-09-01T12:39:43","guid":{"rendered":"https:\/\/quepocamadre.com\/?p=72582"},"modified":"2026-09-01T06:39:43","modified_gmt":"2026-09-01T12:39:43","slug":"termino-calcinado-hallan-cuerpo-dentro-de-auto-robado-en-tlajomulco","status":"publish","type":"post","link":"https:\/\/quepocamadre.com\/?p=72582","title":{"rendered":"\u00a1TERMIN\u00d3 CALCINADO! HALLAN CUERPO DENTRO DE AUTO ROBADO EN TLAJOMULCO"},"content":{"rendered":"<p>Un hombre fue encontrado calcinado dentro de un autom\u00f3vil con reporte de robo, abandonado en una brecha ubicada a espaldas del fraccionamiento Paseos del Valle, en Tlajomulco de Z\u00fa\u00f1iga, Jalisco.<\/p>\n<p>El veh\u00edculo, un Nissan azul, fue localizado luego de que un colectivo de b\u00fasqueda recibiera informaci\u00f3n sobre la unidad. Al llegar, polic\u00edas municipales confirmaron que hab\u00eda un cuerpo en el interior.<\/p>\n<p>Familiares de un chofer de aplicaci\u00f3n desaparecido desde el 26 de agosto acudieron al sitio tras reconocer en redes sociales las placas del autom\u00f3vil, pues correspond\u00edan al veh\u00edculo de su familiar.<\/p>\n<p>Sin embargo, la identidad de la v\u00edctima todav\u00eda no ha sido confirmada oficialmente. El cuerpo fue trasladado al Instituto Jalisciense de Ciencias Forenses, donde se realizar\u00e1n los estudios correspondientes.<\/p>\n","protected":false},"excerpt":{"rendered":"<p>Un hombre fue encontrado calcinado dentro de un autom\u00f3vil con reporte de robo, abandonado en una brecha ubicada a espaldas del fraccionamiento Paseos del Valle, en Tlajomulco de Z\u00fa\u00f1iga, Jalisco. El veh\u00edculo, un Nissan azul, fue localizado luego de que un colectivo de b\u00fasqueda recibiera informaci\u00f3n sobre la unidad. Al llegar, polic\u00edas municipales confirmaron que [&hellip;]<\/p>\n","protected":false},"author":1,"featured_media":72586,"comment_status":"closed","ping_status":"closed","sticky":false,"template":"","format":"standard","meta":{"footnotes":""},"categories":[145,124],"tags":[],"class_list":["post-72582","post","type-post","status-publish","format-standard","has-post-thumbnail","hentry","category-jalisco","category-nacional"],"_links":{"self":[{"href":"https:\/\/quepocamadre.com\/index.php?rest_route=\/wp\/v2\/posts\/72582","targetHints":{"allow":["GET"]}}],"collection":[{"href":"https:\/\/quepocamadre.com\/index.php?rest_route=\/wp\/v2\/posts"}],"about":[{"href":"https:\/\/quepocamadre.com\/index.php?rest_route=\/wp\/v2\/types\/post"}],"author":[{"embeddable":true,"href":"https:\/\/quepocamadre.com\/index.php?rest_route=\/wp\/v2\/users\/1"}],"replies":[{"embeddable":true,"href":"https:\/\/quepocamadre.com\/index.php?rest_route=%2Fwp%2Fv2%2Fcomments&post=72582"}],"version-history":[{"count":1,"href":"https:\/\/quepocamadre.com\/index.php?rest_route=\/wp\/v2\/posts\/72582\/revisions"}],"predecessor-version":[{"id":72587,"href":"https:\/\/quepocamadre.com\/index.php?rest_route=\/wp\/v2\/posts\/72582\/revisions\/72587"}],"wp:featuredmedia":[{"embeddable":true,"href":"https:\/\/quepocamadre.com\/index.php?rest_route=\/wp\/v2\/media\/72586"}],"wp:attachment":[{"href":"https:\/\/quepocamadre.com\/index.php?rest_route=%2Fwp%2Fv2%2Fmedia&parent=72582"}],"wp:term":[{"taxonomy":"category","embeddable":true,"href":"https:\/\/quepocamadre.com\/index.php?rest_route=%2Fwp%2Fv2%2Fcategories&post=72582"},{"taxonomy":"post_tag","embeddable":true,"href":"https:\/\/quepocamadre.com\/index.php?rest_route=%2Fwp%2Fv2%2Ftags&post=72582"}],"curies":[{"name":"wp","href":"https:\/\/api.w.org\/{rel}","templated":true}]}}