{"id":72573,"date":"2026-09-01T06:38:16","date_gmt":"2026-09-01T12:38:16","guid":{"rendered":"https:\/\/quepocamadre.com\/?p=72573"},"modified":"2026-09-01T06:38:16","modified_gmt":"2026-09-01T12:38:16","slug":"24-horas-de-espera-y-nadie-llega-familia-masacrada-sigue-sin-ser-levantada-en-guerrero","status":"publish","type":"post","link":"https:\/\/quepocamadre.com\/?p=72573","title":{"rendered":"\u00a124 HORAS DE ESPERA Y NADIE LLEGA! FAMILIA MASACRADA SIGUE SIN SER LEVANTADA EN GUERRERO"},"content":{"rendered":"<p>Familiares denunciaron que, a m\u00e1s de 24 horas del ataque, los cuerpos de integrantes de una familia asesinada contin\u00faan en la comunidad serrana de Cerro de las Lumbreras, en San Miguel Totolapan, sin que hasta el momento se hayan realizado las diligencias correspondientes por parte de la Fiscal\u00eda General del Estado de Guerrero.<\/p>\n<p>De acuerdo con los testimonios, en el lugar permanecen los cuerpos de una menor de edad y tres adultos, uno de ellos calcinado, mientras que otros tres integrantes de la familia permanecen desaparecidos. Familiares se\u00f1alan que la agresi\u00f3n habr\u00eda ocurrido tras una negativa para vender sus tierras; esta versi\u00f3n a\u00fan no ha sido confirmada oficialmente y las autoridades deber\u00e1n esclarecer los hechos.<\/p>\n","protected":false},"excerpt":{"rendered":"<p>Familiares denunciaron que, a m\u00e1s de 24 horas del ataque, los cuerpos de integrantes de una familia asesinada contin\u00faan en la comunidad serrana de Cerro de las Lumbreras, en San Miguel Totolapan, sin que hasta el momento se hayan realizado las diligencias correspondientes por parte de la Fiscal\u00eda General del Estado de Guerrero. De acuerdo [&hellip;]<\/p>\n","protected":false},"author":1,"featured_media":72577,"comment_status":"closed","ping_status":"closed","sticky":false,"template":"","format":"standard","meta":{"footnotes":""},"categories":[173,124],"tags":[],"class_list":["post-72573","post","type-post","status-publish","format-standard","has-post-thumbnail","hentry","category-guerrero","category-nacional"],"_links":{"self":[{"href":"https:\/\/quepocamadre.com\/index.php?rest_route=\/wp\/v2\/posts\/72573","targetHints":{"allow":["GET"]}}],"collection":[{"href":"https:\/\/quepocamadre.com\/index.php?rest_route=\/wp\/v2\/posts"}],"about":[{"href":"https:\/\/quepocamadre.com\/index.php?rest_route=\/wp\/v2\/types\/post"}],"author":[{"embeddable":true,"href":"https:\/\/quepocamadre.com\/index.php?rest_route=\/wp\/v2\/users\/1"}],"replies":[{"embeddable":true,"href":"https:\/\/quepocamadre.com\/index.php?rest_route=%2Fwp%2Fv2%2Fcomments&post=72573"}],"version-history":[{"count":1,"href":"https:\/\/quepocamadre.com\/index.php?rest_route=\/wp\/v2\/posts\/72573\/revisions"}],"predecessor-version":[{"id":72578,"href":"https:\/\/quepocamadre.com\/index.php?rest_route=\/wp\/v2\/posts\/72573\/revisions\/72578"}],"wp:featuredmedia":[{"embeddable":true,"href":"https:\/\/quepocamadre.com\/index.php?rest_route=\/wp\/v2\/media\/72577"}],"wp:attachment":[{"href":"https:\/\/quepocamadre.com\/index.php?rest_route=%2Fwp%2Fv2%2Fmedia&parent=72573"}],"wp:term":[{"taxonomy":"category","embeddable":true,"href":"https:\/\/quepocamadre.com\/index.php?rest_route=%2Fwp%2Fv2%2Fcategories&post=72573"},{"taxonomy":"post_tag","embeddable":true,"href":"https:\/\/quepocamadre.com\/index.php?rest_route=%2Fwp%2Fv2%2Ftags&post=72573"}],"curies":[{"name":"wp","href":"https:\/\/api.w.org\/{rel}","templated":true}]}}