{"id":72569,"date":"2026-09-01T06:37:45","date_gmt":"2026-09-01T12:37:45","guid":{"rendered":"https:\/\/quepocamadre.com\/?p=72569"},"modified":"2026-09-01T06:37:45","modified_gmt":"2026-09-01T12:37:45","slug":"otra-noche-de-terror-en-celaya-hallan-dos-personas-asesinadas-en-pelavacas","status":"publish","type":"post","link":"https:\/\/quepocamadre.com\/?p=72569","title":{"rendered":"\u00a1OTRA NOCHE DE TERROR EN CELAYA! HALLAN DOS PERSONAS ASESINADAS EN PELAVACAS"},"content":{"rendered":"<p>Dos personas fueron localizadas sin vida en la colonia Pelavacas, en Celaya, generando una fuerte movilizaci\u00f3n de corporaciones de seguridad en la zona.<\/p>\n<p>Elementos policiacos acudieron al lugar para acordonar el \u00e1rea y preservar los indicios, mientras personal de la Fiscal\u00eda General del Estado de Guanajuato realiz\u00f3 las diligencias correspondientes para iniciar las investigaciones y esclarecer el doble homicidio.<\/p>\n","protected":false},"excerpt":{"rendered":"<p>Dos personas fueron localizadas sin vida en la colonia Pelavacas, en Celaya, generando una fuerte movilizaci\u00f3n de corporaciones de seguridad en la zona. Elementos policiacos acudieron al lugar para acordonar el \u00e1rea y preservar los indicios, mientras personal de la Fiscal\u00eda General del Estado de Guanajuato realiz\u00f3 las diligencias correspondientes para iniciar las investigaciones y [&hellip;]<\/p>\n","protected":false},"author":1,"featured_media":72574,"comment_status":"closed","ping_status":"closed","sticky":false,"template":"","format":"standard","meta":{"footnotes":""},"categories":[172,124],"tags":[],"class_list":["post-72569","post","type-post","status-publish","format-standard","has-post-thumbnail","hentry","category-guanajuato","category-nacional"],"_links":{"self":[{"href":"https:\/\/quepocamadre.com\/index.php?rest_route=\/wp\/v2\/posts\/72569","targetHints":{"allow":["GET"]}}],"collection":[{"href":"https:\/\/quepocamadre.com\/index.php?rest_route=\/wp\/v2\/posts"}],"about":[{"href":"https:\/\/quepocamadre.com\/index.php?rest_route=\/wp\/v2\/types\/post"}],"author":[{"embeddable":true,"href":"https:\/\/quepocamadre.com\/index.php?rest_route=\/wp\/v2\/users\/1"}],"replies":[{"embeddable":true,"href":"https:\/\/quepocamadre.com\/index.php?rest_route=%2Fwp%2Fv2%2Fcomments&post=72569"}],"version-history":[{"count":1,"href":"https:\/\/quepocamadre.com\/index.php?rest_route=\/wp\/v2\/posts\/72569\/revisions"}],"predecessor-version":[{"id":72575,"href":"https:\/\/quepocamadre.com\/index.php?rest_route=\/wp\/v2\/posts\/72569\/revisions\/72575"}],"wp:featuredmedia":[{"embeddable":true,"href":"https:\/\/quepocamadre.com\/index.php?rest_route=\/wp\/v2\/media\/72574"}],"wp:attachment":[{"href":"https:\/\/quepocamadre.com\/index.php?rest_route=%2Fwp%2Fv2%2Fmedia&parent=72569"}],"wp:term":[{"taxonomy":"category","embeddable":true,"href":"https:\/\/quepocamadre.com\/index.php?rest_route=%2Fwp%2Fv2%2Fcategories&post=72569"},{"taxonomy":"post_tag","embeddable":true,"href":"https:\/\/quepocamadre.com\/index.php?rest_route=%2Fwp%2Fv2%2Ftags&post=72569"}],"curies":[{"name":"wp","href":"https:\/\/api.w.org\/{rel}","templated":true}]}}