{"id":72562,"date":"2026-08-31T11:51:35","date_gmt":"2026-08-31T17:51:35","guid":{"rendered":"https:\/\/quepocamadre.com\/?p=72562"},"modified":"2026-08-31T11:51:35","modified_gmt":"2026-08-31T17:51:35","slug":"lo-senalan-por-tala-ilegal-en-almoloya-de-juarez-policia-lo-asegura","status":"publish","type":"post","link":"https:\/\/quepocamadre.com\/?p=72562","title":{"rendered":"LO SE\u00d1ALAN POR TALA ILEGAL EN ALMOLOYA DE JU\u00c1REZ; POLIC\u00cdA LO ASEGURA"},"content":{"rendered":"<p data-start=\"80\" data-end=\"255\">Elementos de la <strong data-start=\"96\" data-end=\"139\">Polic\u00eda Municipal de Almoloya de Ju\u00e1rez<\/strong> aseguraron a un hombre se\u00f1alado por habitantes de la comunidad de <strong data-start=\"206\" data-end=\"229\">San Nicol\u00e1s Amealco<\/strong> por presunta tala ilegal.<\/p>\n<p data-start=\"257\" data-end=\"538\">De acuerdo con el reporte, la intervenci\u00f3n ocurri\u00f3 tras una alerta emitida por los centros de monitoreo sobre una posible afectaci\u00f3n ambiental. Al llegar al sitio, los oficiales encontraron a un grupo de pobladores que ten\u00eda rodeado al individuo se\u00f1alado en el lugar de los hechos.<\/p>\n<p data-start=\"540\" data-end=\"741\">Los polic\u00edas controlaron la situaci\u00f3n, evitaron que continuara la afectaci\u00f3n al entorno y trasladaron al presunto responsable ante la autoridad correspondiente, quien determinar\u00e1 su situaci\u00f3n jur\u00eddica.<\/p>\n","protected":false},"excerpt":{"rendered":"<p>Elementos de la Polic\u00eda Municipal de Almoloya de Ju\u00e1rez aseguraron a un hombre se\u00f1alado por habitantes de la comunidad de San Nicol\u00e1s Amealco por presunta tala ilegal. De acuerdo con el reporte, la intervenci\u00f3n ocurri\u00f3 tras una alerta emitida por los centros de monitoreo sobre una posible afectaci\u00f3n ambiental. Al llegar al sitio, los oficiales [&hellip;]<\/p>\n","protected":false},"author":12,"featured_media":72563,"comment_status":"closed","ping_status":"closed","sticky":false,"template":"","format":"standard","meta":{"footnotes":""},"categories":[276,102],"tags":[],"class_list":["post-72562","post","type-post","status-publish","format-standard","has-post-thumbnail","hentry","category-almoloya-de-juarez","category-edomex"],"_links":{"self":[{"href":"https:\/\/quepocamadre.com\/index.php?rest_route=\/wp\/v2\/posts\/72562","targetHints":{"allow":["GET"]}}],"collection":[{"href":"https:\/\/quepocamadre.com\/index.php?rest_route=\/wp\/v2\/posts"}],"about":[{"href":"https:\/\/quepocamadre.com\/index.php?rest_route=\/wp\/v2\/types\/post"}],"author":[{"embeddable":true,"href":"https:\/\/quepocamadre.com\/index.php?rest_route=\/wp\/v2\/users\/12"}],"replies":[{"embeddable":true,"href":"https:\/\/quepocamadre.com\/index.php?rest_route=%2Fwp%2Fv2%2Fcomments&post=72562"}],"version-history":[{"count":1,"href":"https:\/\/quepocamadre.com\/index.php?rest_route=\/wp\/v2\/posts\/72562\/revisions"}],"predecessor-version":[{"id":72564,"href":"https:\/\/quepocamadre.com\/index.php?rest_route=\/wp\/v2\/posts\/72562\/revisions\/72564"}],"wp:featuredmedia":[{"embeddable":true,"href":"https:\/\/quepocamadre.com\/index.php?rest_route=\/wp\/v2\/media\/72563"}],"wp:attachment":[{"href":"https:\/\/quepocamadre.com\/index.php?rest_route=%2Fwp%2Fv2%2Fmedia&parent=72562"}],"wp:term":[{"taxonomy":"category","embeddable":true,"href":"https:\/\/quepocamadre.com\/index.php?rest_route=%2Fwp%2Fv2%2Fcategories&post=72562"},{"taxonomy":"post_tag","embeddable":true,"href":"https:\/\/quepocamadre.com\/index.php?rest_route=%2Fwp%2Fv2%2Ftags&post=72562"}],"curies":[{"name":"wp","href":"https:\/\/api.w.org\/{rel}","templated":true}]}}