{"id":72554,"date":"2026-08-31T10:41:46","date_gmt":"2026-08-31T16:41:46","guid":{"rendered":"https:\/\/quepocamadre.com\/?p=72554"},"modified":"2026-08-31T10:41:46","modified_gmt":"2026-08-31T16:41:46","slug":"carreritas-terminan-en-tragedia-choque-multiple-en-la-toluca-atlacomulco-deja-dos-muertos","status":"publish","type":"post","link":"https:\/\/quepocamadre.com\/?p=72554","title":{"rendered":"&#8220;CARRERITAS&#8221; TERMINAN EN TRAGEDIA: CHOQUE M\u00daLTIPLE EN LA TOLUCA-ATLACOMULCO DEJA DOS MUERTOS"},"content":{"rendered":"<p data-start=\"109\" data-end=\"427\">Lo que habr\u00eda comenzado como una presunta competencia de velocidad termin\u00f3 en una tragedia sobre la autopista #Toluca\u2013#Atlacomulco. Un fuerte accidente m\u00faltiple involucr\u00f3 a cinco veh\u00edculos: una camioneta RAM, tres autos particulares y un autob\u00fas, dejando como saldo dos j\u00f3venes sin vida y varias personas lesionadas.<\/p>\n<p data-start=\"429\" data-end=\"841\">De acuerdo con informaci\u00f3n preliminar, la camioneta y un Volkswagen Jetta rojo presuntamente circulaban a exceso de velocidad y sus conductores habr\u00edan estado bajo los efectos del alcohol. Tras el impacto, el Jetta qued\u00f3 completamente destrozado y en su interior quedaron atrapados dos hombres de aproximadamente 30 a\u00f1os, quienes lamentablemente perdieron la vida y hasta el momento permanecen sin identificar.<\/p>\n<p data-start=\"843\" data-end=\"1232\">Elementos del SUEM, Protecci\u00f3n Civil y cuerpos de emergencia acudieron al lugar, pero ya nada pudieron hacer por los dos ocupantes del autom\u00f3vil. La zona fue resguardada por la Polic\u00eda Estatal y la Guardia Nacional mientras se realizan las investigaciones para determinar responsabilidades y esclarecer c\u00f3mo ocurri\u00f3 esta tragedia que volvi\u00f3 a enlutar las carreteras del Estado de M\u00e9xico.<\/p>\n<p data-start=\"843\" data-end=\"1232\">\n<p data-start=\"843\" data-end=\"1232\"><a href=\"https:\/\/quepocamadre.com\/?attachment_id=72556\" rel=\"attachment wp-att-72556\"><img fetchpriority=\"high\" decoding=\"async\" class=\"alignnone size-full wp-image-72556\" src=\"https:\/\/quepocamadre.com\/wp-content\/uploads\/2026\/08\/Copia-de-DISENO-FOTO-VIDEO-2026-08-31T103653.909.png\" alt=\"\" width=\"940\" height=\"788\" srcset=\"https:\/\/quepocamadre.com\/wp-content\/uploads\/2026\/08\/Copia-de-DISENO-FOTO-VIDEO-2026-08-31T103653.909.png 940w, https:\/\/quepocamadre.com\/wp-content\/uploads\/2026\/08\/Copia-de-DISENO-FOTO-VIDEO-2026-08-31T103653.909-300x251.png 300w, https:\/\/quepocamadre.com\/wp-content\/uploads\/2026\/08\/Copia-de-DISENO-FOTO-VIDEO-2026-08-31T103653.909-768x644.png 768w\" sizes=\"(max-width: 940px) 100vw, 940px\" \/><\/a> <a href=\"https:\/\/quepocamadre.com\/?attachment_id=72557\" rel=\"attachment wp-att-72557\"><img decoding=\"async\" class=\"alignnone size-full wp-image-72557\" src=\"https:\/\/quepocamadre.com\/wp-content\/uploads\/2026\/08\/Copia-de-DISENO-FOTO-VIDEO-2026-08-31T103624.938.png\" alt=\"\" width=\"940\" height=\"788\" srcset=\"https:\/\/quepocamadre.com\/wp-content\/uploads\/2026\/08\/Copia-de-DISENO-FOTO-VIDEO-2026-08-31T103624.938.png 940w, https:\/\/quepocamadre.com\/wp-content\/uploads\/2026\/08\/Copia-de-DISENO-FOTO-VIDEO-2026-08-31T103624.938-300x251.png 300w, https:\/\/quepocamadre.com\/wp-content\/uploads\/2026\/08\/Copia-de-DISENO-FOTO-VIDEO-2026-08-31T103624.938-768x644.png 768w\" sizes=\"(max-width: 940px) 100vw, 940px\" \/><\/a><\/p>\n","protected":false},"excerpt":{"rendered":"<p>Lo que habr\u00eda comenzado como una presunta competencia de velocidad termin\u00f3 en una tragedia sobre la autopista #Toluca\u2013#Atlacomulco. Un fuerte accidente m\u00faltiple involucr\u00f3 a cinco veh\u00edculos: una camioneta RAM, tres autos particulares y un autob\u00fas, dejando como saldo dos j\u00f3venes sin vida y varias personas lesionadas. De acuerdo con informaci\u00f3n preliminar, la camioneta y un [&hellip;]<\/p>\n","protected":false},"author":12,"featured_media":72555,"comment_status":"closed","ping_status":"closed","sticky":false,"template":"","format":"standard","meta":{"footnotes":""},"categories":[102,120],"tags":[],"class_list":["post-72554","post","type-post","status-publish","format-standard","has-post-thumbnail","hentry","category-edomex","category-valle-de-toluca"],"_links":{"self":[{"href":"https:\/\/quepocamadre.com\/index.php?rest_route=\/wp\/v2\/posts\/72554","targetHints":{"allow":["GET"]}}],"collection":[{"href":"https:\/\/quepocamadre.com\/index.php?rest_route=\/wp\/v2\/posts"}],"about":[{"href":"https:\/\/quepocamadre.com\/index.php?rest_route=\/wp\/v2\/types\/post"}],"author":[{"embeddable":true,"href":"https:\/\/quepocamadre.com\/index.php?rest_route=\/wp\/v2\/users\/12"}],"replies":[{"embeddable":true,"href":"https:\/\/quepocamadre.com\/index.php?rest_route=%2Fwp%2Fv2%2Fcomments&post=72554"}],"version-history":[{"count":1,"href":"https:\/\/quepocamadre.com\/index.php?rest_route=\/wp\/v2\/posts\/72554\/revisions"}],"predecessor-version":[{"id":72558,"href":"https:\/\/quepocamadre.com\/index.php?rest_route=\/wp\/v2\/posts\/72554\/revisions\/72558"}],"wp:featuredmedia":[{"embeddable":true,"href":"https:\/\/quepocamadre.com\/index.php?rest_route=\/wp\/v2\/media\/72555"}],"wp:attachment":[{"href":"https:\/\/quepocamadre.com\/index.php?rest_route=%2Fwp%2Fv2%2Fmedia&parent=72554"}],"wp:term":[{"taxonomy":"category","embeddable":true,"href":"https:\/\/quepocamadre.com\/index.php?rest_route=%2Fwp%2Fv2%2Fcategories&post=72554"},{"taxonomy":"post_tag","embeddable":true,"href":"https:\/\/quepocamadre.com\/index.php?rest_route=%2Fwp%2Fv2%2Ftags&post=72554"}],"curies":[{"name":"wp","href":"https:\/\/api.w.org\/{rel}","templated":true}]}}