{"id":72538,"date":"2026-08-31T07:49:09","date_gmt":"2026-08-31T13:49:09","guid":{"rendered":"https:\/\/quepocamadre.com\/?p=72538"},"modified":"2026-08-31T07:49:09","modified_gmt":"2026-08-31T13:49:09","slug":"adios-a-la-doble-nacionalidad-para-gobernar-sheinbaum-propone-reforma","status":"publish","type":"post","link":"https:\/\/quepocamadre.com\/?p=72538","title":{"rendered":"\u00a1Adi\u00f3s a la doble nacionalidad para gobernar! Sheinbaum propone reforma"},"content":{"rendered":"<blockquote><p><strong>La iniciativa busca que presidente, gobernadores y titular de la Jefatura de Gobierno de CDMX tengan \u00fanicamente nacionalidad mexicana durante su mandato.<\/strong><\/p><\/blockquote>\n<p>La Comisi\u00f3n Permanente recibi\u00f3 la iniciativa de la presidenta Claudia Sheinbaum Pardo para modificar los art\u00edculos 82, 116 y 122 de la Constituci\u00f3n y establecer la nacionalidad \u00fanica para quienes ocupen los principales cargos ejecutivos del pa\u00eds.<\/p>\n<p>El proyecto, presentado el 27 de agosto, ser\u00e1 turnado a la C\u00e1mara de Diputados para su an\u00e1lisis. La propuesta plantea que quienes aspiren a la Presidencia deban ser mexicanos por nacimiento, hijos de padre o madre mexicanos y renunciar previamente a cualquier otra nacionalidad.<\/p>\n<p>Tambi\u00e9n contempla acreditar al menos 20 a\u00f1os de residencia en M\u00e9xico y establece que, durante el ejercicio del cargo, no podr\u00e1n adquirir o solicitar otra nacionalidad ni utilizar pasaportes o documentos de identidad extranjeros.<\/p>\n<p>La medida se extender\u00eda a las gubernaturas estatales y a la Jefatura de Gobierno de la Ciudad de M\u00e9xico, mediante modificaciones constitucionales.<\/p>\n<p>La Comisi\u00f3n Permanente tambi\u00e9n recibi\u00f3 una iniciativa para reformar la Ley de Inversi\u00f3n Extranjera, con el objetivo de otorgar nuevas atribuciones a la Comisi\u00f3n Nacional de Inversiones Extranjeras y fortalecer la certeza jur\u00eddica para las inversiones en M\u00e9xico.<\/p>\n","protected":false},"excerpt":{"rendered":"<p>La iniciativa busca que presidente, gobernadores y titular de la Jefatura de Gobierno de CDMX tengan \u00fanicamente nacionalidad mexicana durante su mandato. La Comisi\u00f3n Permanente recibi\u00f3 la iniciativa de la presidenta Claudia Sheinbaum Pardo para modificar los art\u00edculos 82, 116 y 122 de la Constituci\u00f3n y establecer la nacionalidad \u00fanica para quienes ocupen los principales [&hellip;]<\/p>\n","protected":false},"author":1,"featured_media":72542,"comment_status":"closed","ping_status":"closed","sticky":false,"template":"","format":"standard","meta":{"footnotes":""},"categories":[124],"tags":[],"class_list":["post-72538","post","type-post","status-publish","format-standard","has-post-thumbnail","hentry","category-nacional"],"_links":{"self":[{"href":"https:\/\/quepocamadre.com\/index.php?rest_route=\/wp\/v2\/posts\/72538","targetHints":{"allow":["GET"]}}],"collection":[{"href":"https:\/\/quepocamadre.com\/index.php?rest_route=\/wp\/v2\/posts"}],"about":[{"href":"https:\/\/quepocamadre.com\/index.php?rest_route=\/wp\/v2\/types\/post"}],"author":[{"embeddable":true,"href":"https:\/\/quepocamadre.com\/index.php?rest_route=\/wp\/v2\/users\/1"}],"replies":[{"embeddable":true,"href":"https:\/\/quepocamadre.com\/index.php?rest_route=%2Fwp%2Fv2%2Fcomments&post=72538"}],"version-history":[{"count":1,"href":"https:\/\/quepocamadre.com\/index.php?rest_route=\/wp\/v2\/posts\/72538\/revisions"}],"predecessor-version":[{"id":72543,"href":"https:\/\/quepocamadre.com\/index.php?rest_route=\/wp\/v2\/posts\/72538\/revisions\/72543"}],"wp:featuredmedia":[{"embeddable":true,"href":"https:\/\/quepocamadre.com\/index.php?rest_route=\/wp\/v2\/media\/72542"}],"wp:attachment":[{"href":"https:\/\/quepocamadre.com\/index.php?rest_route=%2Fwp%2Fv2%2Fmedia&parent=72538"}],"wp:term":[{"taxonomy":"category","embeddable":true,"href":"https:\/\/quepocamadre.com\/index.php?rest_route=%2Fwp%2Fv2%2Fcategories&post=72538"},{"taxonomy":"post_tag","embeddable":true,"href":"https:\/\/quepocamadre.com\/index.php?rest_route=%2Fwp%2Fv2%2Ftags&post=72538"}],"curies":[{"name":"wp","href":"https:\/\/api.w.org\/{rel}","templated":true}]}}