{"id":72523,"date":"2026-08-31T07:46:05","date_gmt":"2026-08-31T13:46:05","guid":{"rendered":"https:\/\/quepocamadre.com\/?p=72523"},"modified":"2026-08-31T07:46:05","modified_gmt":"2026-08-31T13:46:05","slug":"el-tren-le-destrozo-los-pies-hombre-queda-gravemente-herido-tras-ser-arrollado-en-saltillo","status":"publish","type":"post","link":"https:\/\/quepocamadre.com\/?p=72523","title":{"rendered":"\u00a1EL TREN LE DESTROZ\u00d3 LOS PIES! HOMBRE QUEDA GRAVEMENTE HERIDO TRAS SER ARROLLADO EN SALTILLO"},"content":{"rendered":"<p>Un hombre termin\u00f3 con ambos pies amputados luego de ser arrollado por un tren en las inmediaciones de la colonia Land\u00edn, al sur de la ciudad.<\/p>\n<p>El accidente ocurri\u00f3 sobre las v\u00edas paralelas a Prolongaci\u00f3n Emilio Carranza, cerca de la calle Juan de Erbaez. Tras el impacto, el hombre qued\u00f3 debajo de uno de los vagones.<\/p>\n<p>Testigos llamaron al 911 y minutos despu\u00e9s polic\u00edas municipales y param\u00e9dicos de la Cruz Roja llegaron al lugar. Los socorristas tuvieron que ingresar a las v\u00edas para rescatarlo y brindarle atenci\u00f3n de emergencia.<\/p>\n<p>Debido a la gravedad de sus lesiones, fue estabilizado y trasladado de inmediato al Hospital General, donde qued\u00f3 bajo atenci\u00f3n m\u00e9dica especializada.<\/p>\n","protected":false},"excerpt":{"rendered":"<p>Un hombre termin\u00f3 con ambos pies amputados luego de ser arrollado por un tren en las inmediaciones de la colonia Land\u00edn, al sur de la ciudad. El accidente ocurri\u00f3 sobre las v\u00edas paralelas a Prolongaci\u00f3n Emilio Carranza, cerca de la calle Juan de Erbaez. Tras el impacto, el hombre qued\u00f3 debajo de uno de los [&hellip;]<\/p>\n","protected":false},"author":1,"featured_media":72527,"comment_status":"closed","ping_status":"closed","sticky":false,"template":"","format":"standard","meta":{"footnotes":""},"categories":[167,124],"tags":[],"class_list":["post-72523","post","type-post","status-publish","format-standard","has-post-thumbnail","hentry","category-coahuila-nacional","category-nacional"],"_links":{"self":[{"href":"https:\/\/quepocamadre.com\/index.php?rest_route=\/wp\/v2\/posts\/72523","targetHints":{"allow":["GET"]}}],"collection":[{"href":"https:\/\/quepocamadre.com\/index.php?rest_route=\/wp\/v2\/posts"}],"about":[{"href":"https:\/\/quepocamadre.com\/index.php?rest_route=\/wp\/v2\/types\/post"}],"author":[{"embeddable":true,"href":"https:\/\/quepocamadre.com\/index.php?rest_route=\/wp\/v2\/users\/1"}],"replies":[{"embeddable":true,"href":"https:\/\/quepocamadre.com\/index.php?rest_route=%2Fwp%2Fv2%2Fcomments&post=72523"}],"version-history":[{"count":1,"href":"https:\/\/quepocamadre.com\/index.php?rest_route=\/wp\/v2\/posts\/72523\/revisions"}],"predecessor-version":[{"id":72528,"href":"https:\/\/quepocamadre.com\/index.php?rest_route=\/wp\/v2\/posts\/72523\/revisions\/72528"}],"wp:featuredmedia":[{"embeddable":true,"href":"https:\/\/quepocamadre.com\/index.php?rest_route=\/wp\/v2\/media\/72527"}],"wp:attachment":[{"href":"https:\/\/quepocamadre.com\/index.php?rest_route=%2Fwp%2Fv2%2Fmedia&parent=72523"}],"wp:term":[{"taxonomy":"category","embeddable":true,"href":"https:\/\/quepocamadre.com\/index.php?rest_route=%2Fwp%2Fv2%2Fcategories&post=72523"},{"taxonomy":"post_tag","embeddable":true,"href":"https:\/\/quepocamadre.com\/index.php?rest_route=%2Fwp%2Fv2%2Ftags&post=72523"}],"curies":[{"name":"wp","href":"https:\/\/api.w.org\/{rel}","templated":true}]}}