{"id":72520,"date":"2026-08-31T07:45:33","date_gmt":"2026-08-31T13:45:33","guid":{"rendered":"https:\/\/quepocamadre.com\/?p=72520"},"modified":"2026-08-31T07:45:33","modified_gmt":"2026-08-31T13:45:33","slug":"lo-esconden-en-el-manglar-encuentran-cuerpo-escondido-en-la-zona-hotelera","status":"publish","type":"post","link":"https:\/\/quepocamadre.com\/?p=72520","title":{"rendered":"\u00a1LO ESCONDEN EN EL MANGLAR! ENCUENTRAN CUERPO ESCONDIDO EN LA ZONA HOTELERA"},"content":{"rendered":"<p>Un cuerpo fue localizado entre los manglares, a la altura del kil\u00f3metro 10 del bulevar Kukulc\u00e1n, muy cerca del complejo Le Blanc. Personas que caminaban por la zona se percataron de la presencia de restos humanos entre la vegetaci\u00f3n y dieron aviso al n\u00famero de emergencias 911.<\/p>\n<p>Elementos de la Polic\u00eda Tur\u00edstica acudieron al sitio y confirmaron que se trataba de un hombre que ya no contaba con signos vitales.<\/p>\n<p>De manera preliminar se se\u00f1al\u00f3 que la v\u00edctima tendr\u00eda entre 40 y 50 a\u00f1os, aunque este dato a\u00fan no ha sido confirmado oficialmente.<\/p>\n<p>La identidad del hombre permanece desconocida y las autoridades contin\u00faan con las investigaciones para esclarecer qu\u00e9 ocurri\u00f3 y c\u00f3mo lleg\u00f3 hasta el manglar.<\/p>\n","protected":false},"excerpt":{"rendered":"<p>Un cuerpo fue localizado entre los manglares, a la altura del kil\u00f3metro 10 del bulevar Kukulc\u00e1n, muy cerca del complejo Le Blanc. Personas que caminaban por la zona se percataron de la presencia de restos humanos entre la vegetaci\u00f3n y dieron aviso al n\u00famero de emergencias 911. Elementos de la Polic\u00eda Tur\u00edstica acudieron al sitio [&hellip;]<\/p>\n","protected":false},"author":1,"featured_media":72524,"comment_status":"closed","ping_status":"closed","sticky":false,"template":"","format":"standard","meta":{"footnotes":""},"categories":[124,199],"tags":[],"class_list":["post-72520","post","type-post","status-publish","format-standard","has-post-thumbnail","hentry","category-nacional","category-qintana-roo"],"_links":{"self":[{"href":"https:\/\/quepocamadre.com\/index.php?rest_route=\/wp\/v2\/posts\/72520","targetHints":{"allow":["GET"]}}],"collection":[{"href":"https:\/\/quepocamadre.com\/index.php?rest_route=\/wp\/v2\/posts"}],"about":[{"href":"https:\/\/quepocamadre.com\/index.php?rest_route=\/wp\/v2\/types\/post"}],"author":[{"embeddable":true,"href":"https:\/\/quepocamadre.com\/index.php?rest_route=\/wp\/v2\/users\/1"}],"replies":[{"embeddable":true,"href":"https:\/\/quepocamadre.com\/index.php?rest_route=%2Fwp%2Fv2%2Fcomments&post=72520"}],"version-history":[{"count":1,"href":"https:\/\/quepocamadre.com\/index.php?rest_route=\/wp\/v2\/posts\/72520\/revisions"}],"predecessor-version":[{"id":72525,"href":"https:\/\/quepocamadre.com\/index.php?rest_route=\/wp\/v2\/posts\/72520\/revisions\/72525"}],"wp:featuredmedia":[{"embeddable":true,"href":"https:\/\/quepocamadre.com\/index.php?rest_route=\/wp\/v2\/media\/72524"}],"wp:attachment":[{"href":"https:\/\/quepocamadre.com\/index.php?rest_route=%2Fwp%2Fv2%2Fmedia&parent=72520"}],"wp:term":[{"taxonomy":"category","embeddable":true,"href":"https:\/\/quepocamadre.com\/index.php?rest_route=%2Fwp%2Fv2%2Fcategories&post=72520"},{"taxonomy":"post_tag","embeddable":true,"href":"https:\/\/quepocamadre.com\/index.php?rest_route=%2Fwp%2Fv2%2Ftags&post=72520"}],"curies":[{"name":"wp","href":"https:\/\/api.w.org\/{rel}","templated":true}]}}