{"id":72516,"date":"2026-08-31T07:44:25","date_gmt":"2026-08-31T13:44:25","guid":{"rendered":"https:\/\/quepocamadre.com\/?p=72516"},"modified":"2026-08-31T07:44:25","modified_gmt":"2026-08-31T13:44:25","slug":"tragedia-en-la-mexico-toluca-van-se-estrella-contra-autobus-y-muere-el-chofer","status":"publish","type":"post","link":"https:\/\/quepocamadre.com\/?p=72516","title":{"rendered":"\u00a1TRAGEDIA EN LA M\u00c9XICO-TOLUCA! VAN SE ESTRELLA CONTRA AUTOB\u00daS Y MUERE EL CHOFER"},"content":{"rendered":"<p>Una persona muri\u00f3 y al menos seis m\u00e1s resultaron lesionadas tras un fuerte choque entre una camioneta tipo van y un autob\u00fas de transporte p\u00fablico sobre la carretera M\u00e9xico-Toluca, a la altura de Plazas Outlet, en Lerma.<\/p>\n<p>El accidente en los carriles laterales. De acuerdo con los primeros reportes, la van blanca se impact\u00f3 contra la parte trasera de un autob\u00fas de la l\u00ednea Estrella del Noreste, que presuntamente se encontraba detenido para subir y bajar pasajeros en un punto donde esta maniobra est\u00e1 prohibida.<\/p>\n<p>El conductor de la camioneta habr\u00eda quedado atrapado tras el impacto y perdi\u00f3 la vida en el lugar.<\/p>\n<p>La zona registr\u00f3 fuertes afectaciones viales mientras equipos de emergencia atend\u00edan a los lesionados y retiraban las unidades.<\/p>\n","protected":false},"excerpt":{"rendered":"<p>Una persona muri\u00f3 y al menos seis m\u00e1s resultaron lesionadas tras un fuerte choque entre una camioneta tipo van y un autob\u00fas de transporte p\u00fablico sobre la carretera M\u00e9xico-Toluca, a la altura de Plazas Outlet, en Lerma. El accidente en los carriles laterales. De acuerdo con los primeros reportes, la van blanca se impact\u00f3 contra [&hellip;]<\/p>\n","protected":false},"author":1,"featured_media":72521,"comment_status":"closed","ping_status":"closed","sticky":false,"template":"","format":"standard","meta":{"footnotes":""},"categories":[102,108],"tags":[],"class_list":["post-72516","post","type-post","status-publish","format-standard","has-post-thumbnail","hentry","category-edomex","category-lerma"],"_links":{"self":[{"href":"https:\/\/quepocamadre.com\/index.php?rest_route=\/wp\/v2\/posts\/72516","targetHints":{"allow":["GET"]}}],"collection":[{"href":"https:\/\/quepocamadre.com\/index.php?rest_route=\/wp\/v2\/posts"}],"about":[{"href":"https:\/\/quepocamadre.com\/index.php?rest_route=\/wp\/v2\/types\/post"}],"author":[{"embeddable":true,"href":"https:\/\/quepocamadre.com\/index.php?rest_route=\/wp\/v2\/users\/1"}],"replies":[{"embeddable":true,"href":"https:\/\/quepocamadre.com\/index.php?rest_route=%2Fwp%2Fv2%2Fcomments&post=72516"}],"version-history":[{"count":1,"href":"https:\/\/quepocamadre.com\/index.php?rest_route=\/wp\/v2\/posts\/72516\/revisions"}],"predecessor-version":[{"id":72522,"href":"https:\/\/quepocamadre.com\/index.php?rest_route=\/wp\/v2\/posts\/72516\/revisions\/72522"}],"wp:featuredmedia":[{"embeddable":true,"href":"https:\/\/quepocamadre.com\/index.php?rest_route=\/wp\/v2\/media\/72521"}],"wp:attachment":[{"href":"https:\/\/quepocamadre.com\/index.php?rest_route=%2Fwp%2Fv2%2Fmedia&parent=72516"}],"wp:term":[{"taxonomy":"category","embeddable":true,"href":"https:\/\/quepocamadre.com\/index.php?rest_route=%2Fwp%2Fv2%2Fcategories&post=72516"},{"taxonomy":"post_tag","embeddable":true,"href":"https:\/\/quepocamadre.com\/index.php?rest_route=%2Fwp%2Fv2%2Ftags&post=72516"}],"curies":[{"name":"wp","href":"https:\/\/api.w.org\/{rel}","templated":true}]}}