{"id":72507,"date":"2026-08-31T07:41:42","date_gmt":"2026-08-31T13:41:42","guid":{"rendered":"https:\/\/quepocamadre.com\/?p=72507"},"modified":"2026-08-31T07:41:42","modified_gmt":"2026-08-31T13:41:42","slug":"se-fue-al-vacio-en-el-cerro-joven-cae-y-queda-lesionado-durante-excursion-en-monterrey","status":"publish","type":"post","link":"https:\/\/quepocamadre.com\/?p=72507","title":{"rendered":"\u00a1SE FUE AL VAC\u00cdO EN EL CERRO! JOVEN CAE Y QUEDA LESIONADO DURANTE EXCURSI\u00d3N EN MONTERREY"},"content":{"rendered":"<p>Un joven de 22 a\u00f1os termin\u00f3 lesionado luego de sufrir una ca\u00edda mientras realizaba senderismo durante la tarde de este domingo, en Monterrey. El accidente ocurri\u00f3 cuando descend\u00eda de la monta\u00f1a y perdi\u00f3 el equilibrio, golpe\u00e1ndose fuertemente el tobillo izquierdo.<\/p>\n<p>Elementos de Protecci\u00f3n Civil de Nuevo Le\u00f3n se movilizaron para localizarlo y brindarle los primeros auxilios. Los rescatistas detectaron una probable fractura en la pierna izquierda y procedieron a inmovilizarlo. Con ayuda de una camilla especial, realizaron un complicado descenso hasta la parte baja del cerro, donde el joven fue entregado a param\u00e9dicos y trasladado a un hospital.<\/p>\n","protected":false},"excerpt":{"rendered":"<p>Un joven de 22 a\u00f1os termin\u00f3 lesionado luego de sufrir una ca\u00edda mientras realizaba senderismo durante la tarde de este domingo, en Monterrey. El accidente ocurri\u00f3 cuando descend\u00eda de la monta\u00f1a y perdi\u00f3 el equilibrio, golpe\u00e1ndose fuertemente el tobillo izquierdo. Elementos de Protecci\u00f3n Civil de Nuevo Le\u00f3n se movilizaron para localizarlo y brindarle los primeros [&hellip;]<\/p>\n","protected":false},"author":1,"featured_media":72511,"comment_status":"closed","ping_status":"closed","sticky":false,"template":"","format":"standard","meta":{"footnotes":""},"categories":[124,169],"tags":[],"class_list":["post-72507","post","type-post","status-publish","format-standard","has-post-thumbnail","hentry","category-nacional","category-nuevo-leon"],"_links":{"self":[{"href":"https:\/\/quepocamadre.com\/index.php?rest_route=\/wp\/v2\/posts\/72507","targetHints":{"allow":["GET"]}}],"collection":[{"href":"https:\/\/quepocamadre.com\/index.php?rest_route=\/wp\/v2\/posts"}],"about":[{"href":"https:\/\/quepocamadre.com\/index.php?rest_route=\/wp\/v2\/types\/post"}],"author":[{"embeddable":true,"href":"https:\/\/quepocamadre.com\/index.php?rest_route=\/wp\/v2\/users\/1"}],"replies":[{"embeddable":true,"href":"https:\/\/quepocamadre.com\/index.php?rest_route=%2Fwp%2Fv2%2Fcomments&post=72507"}],"version-history":[{"count":1,"href":"https:\/\/quepocamadre.com\/index.php?rest_route=\/wp\/v2\/posts\/72507\/revisions"}],"predecessor-version":[{"id":72512,"href":"https:\/\/quepocamadre.com\/index.php?rest_route=\/wp\/v2\/posts\/72507\/revisions\/72512"}],"wp:featuredmedia":[{"embeddable":true,"href":"https:\/\/quepocamadre.com\/index.php?rest_route=\/wp\/v2\/media\/72511"}],"wp:attachment":[{"href":"https:\/\/quepocamadre.com\/index.php?rest_route=%2Fwp%2Fv2%2Fmedia&parent=72507"}],"wp:term":[{"taxonomy":"category","embeddable":true,"href":"https:\/\/quepocamadre.com\/index.php?rest_route=%2Fwp%2Fv2%2Fcategories&post=72507"},{"taxonomy":"post_tag","embeddable":true,"href":"https:\/\/quepocamadre.com\/index.php?rest_route=%2Fwp%2Fv2%2Ftags&post=72507"}],"curies":[{"name":"wp","href":"https:\/\/api.w.org\/{rel}","templated":true}]}}