{"id":72504,"date":"2026-08-31T07:40:41","date_gmt":"2026-08-31T13:40:41","guid":{"rendered":"https:\/\/quepocamadre.com\/?p=72504"},"modified":"2026-08-31T07:40:41","modified_gmt":"2026-08-31T13:40:41","slug":"lluvia-de-balas-matan-a-joven-albanil-de-23-anos-en-chietla-puebla","status":"publish","type":"post","link":"https:\/\/quepocamadre.com\/?p=72504","title":{"rendered":"\u00a1LLUVIA DE BALAS! MATAN A JOVEN ALBA\u00d1IL DE 23 A\u00d1OS EN CHIETLA, PUEBLA"},"content":{"rendered":"<p>Daniel Alexander C., de apenas 23 a\u00f1os y de oficio alba\u00f1il, fue asesinado a balazos en la junta auxiliar de Escape de Lagunillas, Puebla.<\/p>\n<p>El cuerpo fue localizado sobre la calle Ricardo Flores Mag\u00f3n, en la colonia Emiliano Zapata, a un costado del campo deportivo. La v\u00edctima presentaba heridas provocadas por arma de fuego.<\/p>\n<p>La escena del crimen dej\u00f3 una escalofriante pista: peritos localizaron cartuchos y casquillos de calibres .223, 5.56 y 7.62, adem\u00e1s de otras evidencias que fueron aseguradas para su an\u00e1lisis. Tambi\u00e9n fueron encontradas algunas pertenencias del joven, entre ellas una gorra y su tel\u00e9fono celular.<\/p>\n<p>La Fiscal\u00eda General del Estado de Puebla abri\u00f3 una investigaci\u00f3n por homicidio doloso y busca determinar qui\u00e9n atac\u00f3 al joven y cu\u00e1l fue el m\u00f3vil del crimen.<\/p>\n","protected":false},"excerpt":{"rendered":"<p>Daniel Alexander C., de apenas 23 a\u00f1os y de oficio alba\u00f1il, fue asesinado a balazos en la junta auxiliar de Escape de Lagunillas, Puebla. El cuerpo fue localizado sobre la calle Ricardo Flores Mag\u00f3n, en la colonia Emiliano Zapata, a un costado del campo deportivo. La v\u00edctima presentaba heridas provocadas por arma de fuego. La [&hellip;]<\/p>\n","protected":false},"author":1,"featured_media":72505,"comment_status":"closed","ping_status":"closed","sticky":false,"template":"","format":"standard","meta":{"footnotes":""},"categories":[124,132],"tags":[],"class_list":["post-72504","post","type-post","status-publish","format-standard","has-post-thumbnail","hentry","category-nacional","category-puebla"],"_links":{"self":[{"href":"https:\/\/quepocamadre.com\/index.php?rest_route=\/wp\/v2\/posts\/72504","targetHints":{"allow":["GET"]}}],"collection":[{"href":"https:\/\/quepocamadre.com\/index.php?rest_route=\/wp\/v2\/posts"}],"about":[{"href":"https:\/\/quepocamadre.com\/index.php?rest_route=\/wp\/v2\/types\/post"}],"author":[{"embeddable":true,"href":"https:\/\/quepocamadre.com\/index.php?rest_route=\/wp\/v2\/users\/1"}],"replies":[{"embeddable":true,"href":"https:\/\/quepocamadre.com\/index.php?rest_route=%2Fwp%2Fv2%2Fcomments&post=72504"}],"version-history":[{"count":1,"href":"https:\/\/quepocamadre.com\/index.php?rest_route=\/wp\/v2\/posts\/72504\/revisions"}],"predecessor-version":[{"id":72506,"href":"https:\/\/quepocamadre.com\/index.php?rest_route=\/wp\/v2\/posts\/72504\/revisions\/72506"}],"wp:featuredmedia":[{"embeddable":true,"href":"https:\/\/quepocamadre.com\/index.php?rest_route=\/wp\/v2\/media\/72505"}],"wp:attachment":[{"href":"https:\/\/quepocamadre.com\/index.php?rest_route=%2Fwp%2Fv2%2Fmedia&parent=72504"}],"wp:term":[{"taxonomy":"category","embeddable":true,"href":"https:\/\/quepocamadre.com\/index.php?rest_route=%2Fwp%2Fv2%2Fcategories&post=72504"},{"taxonomy":"post_tag","embeddable":true,"href":"https:\/\/quepocamadre.com\/index.php?rest_route=%2Fwp%2Fv2%2Ftags&post=72504"}],"curies":[{"name":"wp","href":"https:\/\/api.w.org\/{rel}","templated":true}]}}