{"id":72503,"date":"2026-08-31T07:41:12","date_gmt":"2026-08-31T13:41:12","guid":{"rendered":"https:\/\/quepocamadre.com\/?p=72503"},"modified":"2026-08-31T07:41:12","modified_gmt":"2026-08-31T13:41:12","slug":"balazos-y-muerte-en-el-centro-joyero-policia-cae-al-enfrentar-a-presuntos-ladrones-en-guadalajara","status":"publish","type":"post","link":"https:\/\/quepocamadre.com\/?p=72503","title":{"rendered":"\u00a1BALAZOS Y MUERTE EN EL CENTRO JOYERO! POLIC\u00cdA CAE AL ENFRENTAR A PRESUNTOS LADRONES EN GUADALAJARA"},"content":{"rendered":"<p>Un polic\u00eda auxiliar muri\u00f3 tras ser baleado durante un intento de robo a las afueras del Centro Joyero de Guadalajara.<\/p>\n<p>El ataque ocurri\u00f3 alrededor de las 10:30 horas de este domingo, cuando un grupo de hombres presuntamente armados habr\u00eda amagado a personas en el lugar.<\/p>\n<p>De acuerdo con testigos, el polic\u00eda intent\u00f3 intervenir para detener el atraco y otro elemento trat\u00f3 de repeler la agresi\u00f3n. En medio del intercambio de disparos, el oficial recibi\u00f3 un impacto de bala en el pecho.<\/p>\n<p>Param\u00e9dicos acudieron r\u00e1pidamente, pero nada pudieron hacer: el polic\u00eda, de entre 45 y 50 a\u00f1os, ya hab\u00eda muerto. Pese al ataque, los presuntos delincuentes no lograron consumar el robo ni llevarse mercanc\u00eda del Centro Joyero.<\/p>\n<p>Polic\u00edas de Guadalajara desplegaron un operativo de b\u00fasqueda en los alrededores y aseguraron un veh\u00edculo que estar\u00eda relacionado con los hechos. Las autoridades contin\u00faan tras la pista de los responsables.<\/p>\n","protected":false},"excerpt":{"rendered":"<p>Un polic\u00eda auxiliar muri\u00f3 tras ser baleado durante un intento de robo a las afueras del Centro Joyero de Guadalajara. El ataque ocurri\u00f3 alrededor de las 10:30 horas de este domingo, cuando un grupo de hombres presuntamente armados habr\u00eda amagado a personas en el lugar. De acuerdo con testigos, el polic\u00eda intent\u00f3 intervenir para detener [&hellip;]<\/p>\n","protected":false},"author":1,"featured_media":72508,"comment_status":"closed","ping_status":"closed","sticky":false,"template":"","format":"standard","meta":{"footnotes":""},"categories":[145,124],"tags":[],"class_list":["post-72503","post","type-post","status-publish","format-standard","has-post-thumbnail","hentry","category-jalisco","category-nacional"],"_links":{"self":[{"href":"https:\/\/quepocamadre.com\/index.php?rest_route=\/wp\/v2\/posts\/72503","targetHints":{"allow":["GET"]}}],"collection":[{"href":"https:\/\/quepocamadre.com\/index.php?rest_route=\/wp\/v2\/posts"}],"about":[{"href":"https:\/\/quepocamadre.com\/index.php?rest_route=\/wp\/v2\/types\/post"}],"author":[{"embeddable":true,"href":"https:\/\/quepocamadre.com\/index.php?rest_route=\/wp\/v2\/users\/1"}],"replies":[{"embeddable":true,"href":"https:\/\/quepocamadre.com\/index.php?rest_route=%2Fwp%2Fv2%2Fcomments&post=72503"}],"version-history":[{"count":1,"href":"https:\/\/quepocamadre.com\/index.php?rest_route=\/wp\/v2\/posts\/72503\/revisions"}],"predecessor-version":[{"id":72509,"href":"https:\/\/quepocamadre.com\/index.php?rest_route=\/wp\/v2\/posts\/72503\/revisions\/72509"}],"wp:featuredmedia":[{"embeddable":true,"href":"https:\/\/quepocamadre.com\/index.php?rest_route=\/wp\/v2\/media\/72508"}],"wp:attachment":[{"href":"https:\/\/quepocamadre.com\/index.php?rest_route=%2Fwp%2Fv2%2Fmedia&parent=72503"}],"wp:term":[{"taxonomy":"category","embeddable":true,"href":"https:\/\/quepocamadre.com\/index.php?rest_route=%2Fwp%2Fv2%2Fcategories&post=72503"},{"taxonomy":"post_tag","embeddable":true,"href":"https:\/\/quepocamadre.com\/index.php?rest_route=%2Fwp%2Fv2%2Ftags&post=72503"}],"curies":[{"name":"wp","href":"https:\/\/api.w.org\/{rel}","templated":true}]}}