{"id":66454,"date":"2026-05-01T07:15:17","date_gmt":"2026-05-01T13:15:17","guid":{"rendered":"https:\/\/quepocamadre.com\/?p=66454"},"modified":"2026-05-01T07:15:17","modified_gmt":"2026-05-01T13:15:17","slug":"triste-dia-del-nino-y-la-nina-la-infancia-en-mexico-esta-en-crisis","status":"publish","type":"post","link":"https:\/\/quepocamadre.com\/?p=66454","title":{"rendered":"\u00a1TRISTE D\u00cdA DEL NI\u00d1O Y LA NI\u00d1A! LA INFANCIA EN M\u00c9XICO EST\u00c1 EN CRISIS"},"content":{"rendered":"<blockquote><p><strong>Pobreza, trabajo y violencia marcan la realidad de millones de menores en el pa\u00eds.<\/strong><\/p><\/blockquote>\n<p>En M\u00e9xico, la infancia sigue marcada por profundas desigualdades. Mientras el marco legal garantiza protecci\u00f3n integral, millones de ni\u00f1as, ni\u00f1os y adolescentes crecen en condiciones de pobreza, violencia y trabajo infantil, evidenciando una brecha persistente entre los derechos reconocidos y su cumplimiento en la vida cotidiana.<\/p>\n<p>De acuerdo con el Instituto Nacional de Estad\u00edstica y Geograf\u00eda, cerca de 3.7 millones de menores de entre 5 y 17 a\u00f1os se encuentran en situaci\u00f3n de trabajo infantil, lo que representa alrededor del 13% de este grupo poblacional. Una proporci\u00f3n importante realiza actividades no permitidas o peligrosas, mientras que otros participan en labores dom\u00e9sticas intensivas, muchas veces sin remuneraci\u00f3n.<\/p>\n<p>Las causas est\u00e1n estrechamente ligadas a factores econ\u00f3micos. En miles de hogares, la necesidad de complementar el ingreso familiar obliga a ni\u00f1as y ni\u00f1os a integrarse a actividades productivas, afectando su desarrollo, educaci\u00f3n y acceso a oportunidades.<\/p>\n<p><a href=\"https:\/\/quepocamadre.com\/wp-content\/uploads\/2026\/05\/triste-2.jpg\"><img fetchpriority=\"high\" decoding=\"async\" class=\"aligncenter size-full wp-image-66460\" src=\"https:\/\/quepocamadre.com\/wp-content\/uploads\/2026\/05\/triste-2.jpg\" alt=\"\" width=\"1200\" height=\"801\" srcset=\"https:\/\/quepocamadre.com\/wp-content\/uploads\/2026\/05\/triste-2.jpg 1200w, https:\/\/quepocamadre.com\/wp-content\/uploads\/2026\/05\/triste-2-300x200.jpg 300w, https:\/\/quepocamadre.com\/wp-content\/uploads\/2026\/05\/triste-2-1024x684.jpg 1024w, https:\/\/quepocamadre.com\/wp-content\/uploads\/2026\/05\/triste-2-768x513.jpg 768w\" sizes=\"(max-width: 1200px) 100vw, 1200px\" \/><\/a><\/p>\n<p>A este panorama se suma la violencia. Datos de la Red por los Derechos de la Infancia en M\u00e9xico indican que, tan solo en 2025, cerca de 2 mil ni\u00f1as, ni\u00f1os y adolescentes fueron v\u00edctimas de homicidio en el pa\u00eds, adem\u00e1s de miles de casos relacionados con delitos como trata, corrupci\u00f3n de menores y lesiones, lo que confirma el car\u00e1cter estructural de esta problem\u00e1tica.<\/p>\n<p>Aunque M\u00e9xico cuenta con instrumentos como la Ley General de los Derechos de Ni\u00f1as, Ni\u00f1os y Adolescentes y sistemas de protecci\u00f3n como el SIPINNA, especialistas coinciden en que los avances siguen siendo insuficientes frente a la magnitud del problema.<\/p>\n<p>A nivel nacional, la ni\u00f1ez representa uno de los sectores m\u00e1s amplios de la poblaci\u00f3n, lo que amplifica los retos para garantizar condiciones de vida dignas, seguras y con acceso efectivo a educaci\u00f3n, salud y desarrollo integral.<\/p>\n<p>El desaf\u00edo no radica \u00fanicamente en el dise\u00f1o de pol\u00edticas p\u00fablicas, sino en su implementaci\u00f3n efectiva. Hoy, en M\u00e9xico, la infancia contin\u00faa siendo prioridad en el discurso, pero para millones sigue siendo una promesa pendiente.<\/p>\n<p><a href=\"https:\/\/quepocamadre.com\/wp-content\/uploads\/2026\/05\/triste.jpg\"><img decoding=\"async\" class=\"aligncenter size-full wp-image-66459\" src=\"https:\/\/quepocamadre.com\/wp-content\/uploads\/2026\/05\/triste.jpg\" alt=\"\" width=\"1200\" height=\"801\" srcset=\"https:\/\/quepocamadre.com\/wp-content\/uploads\/2026\/05\/triste.jpg 1200w, https:\/\/quepocamadre.com\/wp-content\/uploads\/2026\/05\/triste-300x200.jpg 300w, https:\/\/quepocamadre.com\/wp-content\/uploads\/2026\/05\/triste-1024x684.jpg 1024w, https:\/\/quepocamadre.com\/wp-content\/uploads\/2026\/05\/triste-768x513.jpg 768w\" sizes=\"(max-width: 1200px) 100vw, 1200px\" \/><\/a><\/p>\n","protected":false},"excerpt":{"rendered":"<p>Pobreza, trabajo y violencia marcan la realidad de millones de menores en el pa\u00eds. En M\u00e9xico, la infancia sigue marcada por profundas desigualdades. Mientras el marco legal garantiza protecci\u00f3n integral, millones de ni\u00f1as, ni\u00f1os y adolescentes crecen en condiciones de pobreza, violencia y trabajo infantil, evidenciando una brecha persistente entre los derechos reconocidos y su [&hellip;]<\/p>\n","protected":false},"author":1,"featured_media":66458,"comment_status":"closed","ping_status":"closed","sticky":false,"template":"","format":"standard","meta":{"footnotes":""},"categories":[124,274],"tags":[],"class_list":["post-66454","post","type-post","status-publish","format-standard","has-post-thumbnail","hentry","category-nacional","category-portada"],"_links":{"self":[{"href":"https:\/\/quepocamadre.com\/index.php?rest_route=\/wp\/v2\/posts\/66454","targetHints":{"allow":["GET"]}}],"collection":[{"href":"https:\/\/quepocamadre.com\/index.php?rest_route=\/wp\/v2\/posts"}],"about":[{"href":"https:\/\/quepocamadre.com\/index.php?rest_route=\/wp\/v2\/types\/post"}],"author":[{"embeddable":true,"href":"https:\/\/quepocamadre.com\/index.php?rest_route=\/wp\/v2\/users\/1"}],"replies":[{"embeddable":true,"href":"https:\/\/quepocamadre.com\/index.php?rest_route=%2Fwp%2Fv2%2Fcomments&post=66454"}],"version-history":[{"count":1,"href":"https:\/\/quepocamadre.com\/index.php?rest_route=\/wp\/v2\/posts\/66454\/revisions"}],"predecessor-version":[{"id":66461,"href":"https:\/\/quepocamadre.com\/index.php?rest_route=\/wp\/v2\/posts\/66454\/revisions\/66461"}],"wp:featuredmedia":[{"embeddable":true,"href":"https:\/\/quepocamadre.com\/index.php?rest_route=\/wp\/v2\/media\/66458"}],"wp:attachment":[{"href":"https:\/\/quepocamadre.com\/index.php?rest_route=%2Fwp%2Fv2%2Fmedia&parent=66454"}],"wp:term":[{"taxonomy":"category","embeddable":true,"href":"https:\/\/quepocamadre.com\/index.php?rest_route=%2Fwp%2Fv2%2Fcategories&post=66454"},{"taxonomy":"post_tag","embeddable":true,"href":"https:\/\/quepocamadre.com\/index.php?rest_route=%2Fwp%2Fv2%2Ftags&post=66454"}],"curies":[{"name":"wp","href":"https:\/\/api.w.org\/{rel}","templated":true}]}}