{"id":66441,"date":"2026-05-01T07:11:40","date_gmt":"2026-05-01T13:11:40","guid":{"rendered":"https:\/\/quepocamadre.com\/?p=66441"},"modified":"2026-05-01T07:11:40","modified_gmt":"2026-05-01T13:11:40","slug":"va-por-el-sexto-memo-ochoa-jugara-en-el-mundial-2026","status":"publish","type":"post","link":"https:\/\/quepocamadre.com\/?p=66441","title":{"rendered":"\u00a1VA POR EL SEXTO! MEMO OCHOA JUGAR\u00c1 EN EL MUNDIAL 2026"},"content":{"rendered":"<p>Guillermo Ochoa hizo dos anuncios: el primero, que ser\u00e1 convocado a la Selecci\u00f3n Mexicana para disputar el Mundial 2026 en casa; el segundo, que en cuanto termine la participaci\u00f3n del representativo nacional en la justa, se retirar\u00e1 del futbol.<\/p>\n<p>Con casi 41 a\u00f1os, el guardameta har\u00e1 historia al asistir a su sexta Copa del Mundo; su llamado no est\u00e1 exento de la pol\u00e9mica debido a que juega en la liga de Chipre y sus actuaciones recientes han estado marcadas por algunos errores groseros.<\/p>\n<p>Javier Aguirre ha repetido en numerosas ocasiones que no regalar\u00eda convocatorias; sin embargo, el nivel actual del arquero que divide opiniones no parece suficiente para subirse al barco mundialista. O sencillamente no hay m\u00e1s de donde echar mano.<\/p>\n<p>No ser\u00eda la primera ocasi\u00f3n que el \u2018Vasco\u2019 lleva a un futbolista a la m\u00e1xima justa para rendirle homenaje; lo hizo con Jorge Campos, Alberto Garc\u00eda Aspe y Luis Hern\u00e1ndez, quienes asistieron al Mundial 2002 m\u00e1s por nombre y trayectoria que por un nivel que los avalara en la parte final de sus carreras. El de Ochoa ahora es un casi similar.<\/p>\n<p>La trayectoria de Paco Memo puede verse desde dos \u00f3pticas: la del portero que dej\u00f3 la zona de confort y fue a probar suerte a distintos pa\u00edses, convirti\u00e9ndose en el primer mexicano en su posici\u00f3n que jug\u00f3 en Europa, adem\u00e1s de que lo hizo en distintas ligas como Francia, Espa\u00f1a, B\u00e9lgica, Italia, Portugal y Chipre.<\/p>\n<p>La del arquero que milit\u00f3 esencialmente en equipos chicos del Viejo Continente en los que se convirti\u00f3 en el m\u00e1s goleado en distintas temporadas, adem\u00e1s de que descendi\u00f3 en Francia, Espa\u00f1a e Italia, cerrando su carrera en la poco conocida y competitiva liga de Chipre.<\/p>\n<p>Aunque para muchos de sus seguidores es el mejor portero en la historia del futbol mexicano, la realidad indica que en su dilatada trayectoria nunca fue capaz de progresar en dos de sus principales falencias: las salidas por arriba y el juego con los pies.<\/p>\n<p>Para muchos, justo e hist\u00f3rico que vaya a su sexto Mundial y, para otros, un nuevo \u2018regalo\u2019 de los que acostumbra Javier Aguirre.<\/p>\n","protected":false},"excerpt":{"rendered":"<p>Guillermo Ochoa hizo dos anuncios: el primero, que ser\u00e1 convocado a la Selecci\u00f3n Mexicana para disputar el Mundial 2026 en casa; el segundo, que en cuanto termine la participaci\u00f3n del representativo nacional en la justa, se retirar\u00e1 del futbol. Con casi 41 a\u00f1os, el guardameta har\u00e1 historia al asistir a su sexta Copa del Mundo; [&hellip;]<\/p>\n","protected":false},"author":1,"featured_media":66446,"comment_status":"closed","ping_status":"closed","sticky":false,"template":"","format":"standard","meta":{"footnotes":""},"categories":[124],"tags":[],"class_list":["post-66441","post","type-post","status-publish","format-standard","has-post-thumbnail","hentry","category-nacional"],"_links":{"self":[{"href":"https:\/\/quepocamadre.com\/index.php?rest_route=\/wp\/v2\/posts\/66441","targetHints":{"allow":["GET"]}}],"collection":[{"href":"https:\/\/quepocamadre.com\/index.php?rest_route=\/wp\/v2\/posts"}],"about":[{"href":"https:\/\/quepocamadre.com\/index.php?rest_route=\/wp\/v2\/types\/post"}],"author":[{"embeddable":true,"href":"https:\/\/quepocamadre.com\/index.php?rest_route=\/wp\/v2\/users\/1"}],"replies":[{"embeddable":true,"href":"https:\/\/quepocamadre.com\/index.php?rest_route=%2Fwp%2Fv2%2Fcomments&post=66441"}],"version-history":[{"count":1,"href":"https:\/\/quepocamadre.com\/index.php?rest_route=\/wp\/v2\/posts\/66441\/revisions"}],"predecessor-version":[{"id":66447,"href":"https:\/\/quepocamadre.com\/index.php?rest_route=\/wp\/v2\/posts\/66441\/revisions\/66447"}],"wp:featuredmedia":[{"embeddable":true,"href":"https:\/\/quepocamadre.com\/index.php?rest_route=\/wp\/v2\/media\/66446"}],"wp:attachment":[{"href":"https:\/\/quepocamadre.com\/index.php?rest_route=%2Fwp%2Fv2%2Fmedia&parent=66441"}],"wp:term":[{"taxonomy":"category","embeddable":true,"href":"https:\/\/quepocamadre.com\/index.php?rest_route=%2Fwp%2Fv2%2Fcategories&post=66441"},{"taxonomy":"post_tag","embeddable":true,"href":"https:\/\/quepocamadre.com\/index.php?rest_route=%2Fwp%2Fv2%2Ftags&post=66441"}],"curies":[{"name":"wp","href":"https:\/\/api.w.org\/{rel}","templated":true}]}}