{"id":66437,"date":"2026-05-01T07:10:55","date_gmt":"2026-05-01T13:10:55","guid":{"rendered":"https:\/\/quepocamadre.com\/?p=66437"},"modified":"2026-05-01T07:10:55","modified_gmt":"2026-05-01T13:10:55","slug":"caen-por-violento-robo-detienen-a-dos-por-asalto-de-camioneta-en-guadalajara","status":"publish","type":"post","link":"https:\/\/quepocamadre.com\/?p=66437","title":{"rendered":"\u00a1Caen por violento robo! Detienen a dos por asalto de camioneta en Guadalajara"},"content":{"rendered":"<p>Dos sujetos fueron capturados por autoridades tras ser identificados como los presuntos responsables del robo de una camioneta ocurrido el pasado 8 de abril en la colonia Oblatos, en Guadalajara.<\/p>\n<p>El caso caus\u00f3 indignaci\u00f3n luego de que el asalto se hiciera viral en redes sociales, donde se observa c\u00f3mo los delincuentes armados amagaron a las v\u00edctimas y las obligaron a descender del veh\u00edculo frente a su propio domicilio.<\/p>\n<p>De acuerdo con la Fiscal\u00eda de Jalisco, los agresores no solo despojaron a los afectados de la unidad, sino que tambi\u00e9n revisaron sus pertenencias antes de huir.<\/p>\n<p>Tras labores de inteligencia, autoridades lograron ubicar a los sospechosos. En un primer operativo fue detenido Jos\u00e9 Manuel \u201cN\u201d, se\u00f1alado como quien conduc\u00eda la camioneta robada. Posteriormente, en una acci\u00f3n conjunta con la Comisar\u00eda de Guadalajara, fue capturado Jes\u00fas Alberto \u201cN\u201d, presuntamente quien amenaz\u00f3 a las v\u00edctimas.<\/p>\n<p>Ambos ya fueron puestos a disposici\u00f3n de un juez, mientras contin\u00faan las investigaciones para determinar si hay m\u00e1s implicados.<\/p>\n","protected":false},"excerpt":{"rendered":"<p>Dos sujetos fueron capturados por autoridades tras ser identificados como los presuntos responsables del robo de una camioneta ocurrido el pasado 8 de abril en la colonia Oblatos, en Guadalajara. El caso caus\u00f3 indignaci\u00f3n luego de que el asalto se hiciera viral en redes sociales, donde se observa c\u00f3mo los delincuentes armados amagaron a las [&hellip;]<\/p>\n","protected":false},"author":1,"featured_media":66442,"comment_status":"closed","ping_status":"closed","sticky":false,"template":"","format":"standard","meta":{"footnotes":""},"categories":[145,124],"tags":[],"class_list":["post-66437","post","type-post","status-publish","format-standard","has-post-thumbnail","hentry","category-jalisco","category-nacional"],"_links":{"self":[{"href":"https:\/\/quepocamadre.com\/index.php?rest_route=\/wp\/v2\/posts\/66437","targetHints":{"allow":["GET"]}}],"collection":[{"href":"https:\/\/quepocamadre.com\/index.php?rest_route=\/wp\/v2\/posts"}],"about":[{"href":"https:\/\/quepocamadre.com\/index.php?rest_route=\/wp\/v2\/types\/post"}],"author":[{"embeddable":true,"href":"https:\/\/quepocamadre.com\/index.php?rest_route=\/wp\/v2\/users\/1"}],"replies":[{"embeddable":true,"href":"https:\/\/quepocamadre.com\/index.php?rest_route=%2Fwp%2Fv2%2Fcomments&post=66437"}],"version-history":[{"count":1,"href":"https:\/\/quepocamadre.com\/index.php?rest_route=\/wp\/v2\/posts\/66437\/revisions"}],"predecessor-version":[{"id":66443,"href":"https:\/\/quepocamadre.com\/index.php?rest_route=\/wp\/v2\/posts\/66437\/revisions\/66443"}],"wp:featuredmedia":[{"embeddable":true,"href":"https:\/\/quepocamadre.com\/index.php?rest_route=\/wp\/v2\/media\/66442"}],"wp:attachment":[{"href":"https:\/\/quepocamadre.com\/index.php?rest_route=%2Fwp%2Fv2%2Fmedia&parent=66437"}],"wp:term":[{"taxonomy":"category","embeddable":true,"href":"https:\/\/quepocamadre.com\/index.php?rest_route=%2Fwp%2Fv2%2Fcategories&post=66437"},{"taxonomy":"post_tag","embeddable":true,"href":"https:\/\/quepocamadre.com\/index.php?rest_route=%2Fwp%2Fv2%2Ftags&post=66437"}],"curies":[{"name":"wp","href":"https:\/\/api.w.org\/{rel}","templated":true}]}}