{"id":66434,"date":"2026-05-01T07:10:14","date_gmt":"2026-05-01T13:10:14","guid":{"rendered":"https:\/\/quepocamadre.com\/?p=66434"},"modified":"2026-05-01T07:10:14","modified_gmt":"2026-05-01T13:10:14","slug":"justicia-para-el-pequeno-caen-presuntos-asesinos-de-nino-en-balacera-en-gomez-palacio","status":"publish","type":"post","link":"https:\/\/quepocamadre.com\/?p=66434","title":{"rendered":"\u00a1Justicia para el peque\u00f1o! Caen presuntos asesinos de ni\u00f1o en balacera en G\u00f3mez Palacio"},"content":{"rendered":"<p>Dos sujetos fueron detenidos por su presunta participaci\u00f3n en el ataque armado que cobr\u00f3 la vida de un ni\u00f1o de 7 a\u00f1os en el fraccionamiento Urbi Villas del Cedro, en G\u00f3mez Palacio.<\/p>\n<p>Los imputados, identificados como Carlos Eduardo \u201cN\u201d y Axel Michelle \u201cN\u201d, enfrentan cargos por homicidio calificado y tentativa de homicidio, luego de que presuntamente abrieran fuego contra un domicilio la noche del 8 de abril.<\/p>\n<p>Las investigaciones revelan que los agresores llegaron en motocicletas y dispararon contra una vivienda se\u00f1alada como punto de venta de droga. Sin embargo, una de las balas impact\u00f3 al menor que caminaba por la zona, caus\u00e1ndole la muerte en el lugar. En el ataque, una mujer tambi\u00e9n result\u00f3 gravemente herida.<\/p>\n<p>Tras semanas de peritajes, agentes de la Polic\u00eda Investigadora lograron ubicar y detener a los presuntos responsables, quienes ya fueron ingresados al CERESO N\u00famero 1 en Durango.<\/p>\n<p>Ambos permanecer\u00e1n en prisi\u00f3n preventiva mientras un juez define su situaci\u00f3n legal.<\/p>\n","protected":false},"excerpt":{"rendered":"<p>Dos sujetos fueron detenidos por su presunta participaci\u00f3n en el ataque armado que cobr\u00f3 la vida de un ni\u00f1o de 7 a\u00f1os en el fraccionamiento Urbi Villas del Cedro, en G\u00f3mez Palacio. Los imputados, identificados como Carlos Eduardo \u201cN\u201d y Axel Michelle \u201cN\u201d, enfrentan cargos por homicidio calificado y tentativa de homicidio, luego de que [&hellip;]<\/p>\n","protected":false},"author":1,"featured_media":66438,"comment_status":"closed","ping_status":"closed","sticky":false,"template":"","format":"standard","meta":{"footnotes":""},"categories":[168,124],"tags":[],"class_list":["post-66434","post","type-post","status-publish","format-standard","has-post-thumbnail","hentry","category-durango","category-nacional"],"_links":{"self":[{"href":"https:\/\/quepocamadre.com\/index.php?rest_route=\/wp\/v2\/posts\/66434","targetHints":{"allow":["GET"]}}],"collection":[{"href":"https:\/\/quepocamadre.com\/index.php?rest_route=\/wp\/v2\/posts"}],"about":[{"href":"https:\/\/quepocamadre.com\/index.php?rest_route=\/wp\/v2\/types\/post"}],"author":[{"embeddable":true,"href":"https:\/\/quepocamadre.com\/index.php?rest_route=\/wp\/v2\/users\/1"}],"replies":[{"embeddable":true,"href":"https:\/\/quepocamadre.com\/index.php?rest_route=%2Fwp%2Fv2%2Fcomments&post=66434"}],"version-history":[{"count":1,"href":"https:\/\/quepocamadre.com\/index.php?rest_route=\/wp\/v2\/posts\/66434\/revisions"}],"predecessor-version":[{"id":66439,"href":"https:\/\/quepocamadre.com\/index.php?rest_route=\/wp\/v2\/posts\/66434\/revisions\/66439"}],"wp:featuredmedia":[{"embeddable":true,"href":"https:\/\/quepocamadre.com\/index.php?rest_route=\/wp\/v2\/media\/66438"}],"wp:attachment":[{"href":"https:\/\/quepocamadre.com\/index.php?rest_route=%2Fwp%2Fv2%2Fmedia&parent=66434"}],"wp:term":[{"taxonomy":"category","embeddable":true,"href":"https:\/\/quepocamadre.com\/index.php?rest_route=%2Fwp%2Fv2%2Fcategories&post=66434"},{"taxonomy":"post_tag","embeddable":true,"href":"https:\/\/quepocamadre.com\/index.php?rest_route=%2Fwp%2Fv2%2Ftags&post=66434"}],"curies":[{"name":"wp","href":"https:\/\/api.w.org\/{rel}","templated":true}]}}